{"id":7728,"date":"2021-05-24T20:02:18","date_gmt":"2021-05-24T18:02:18","guid":{"rendered":"http:\/\/agora.xtec.cat\/ceipsab\/?p=7728"},"modified":"2021-05-24T20:48:19","modified_gmt":"2021-05-24T18:48:19","slug":"les-nostres-sagrades-families-2","status":"publish","type":"post","link":"https:\/\/agora.xtec.cat\/ceipsab\/educacio-infantil\/p5\/general\/les-nostres-sagrades-families-2\/","title":{"rendered":"LES NOSTRES SAGRADES FAM\u00cdLIES"},"content":{"rendered":"<p><span style=\"font-weight: 400\">A les sessions de pl\u00e0stica continuem aprenent molt de l&#8217;artista Antoni Gaud\u00ed. En aquestes sessions hem dibuixat una de les seves grans obres, &#8220;La Sagrada Fam\u00edlia&#8221;. Us agraden?<\/span><\/p>\n<p><a href=\"https:\/\/photos.app.goo.gl\/JGfdGQs3d5gvvSSUA\"><img loading=\"lazy\" decoding=\"async\" class=\"size-full wp-image-7730 aligncenter\" src=\"https:\/\/agora.xtec.cat\/ceipsab\/wp-content\/uploads\/usu1011\/2021\/05\/Sagrada-familia-1.jpg\" alt=\"\" width=\"312\" height=\"416\" srcset=\"https:\/\/agora.xtec.cat\/ceipsab\/wp-content\/uploads\/usu1011\/2021\/05\/Sagrada-familia-1.jpg 312w, https:\/\/agora.xtec.cat\/ceipsab\/wp-content\/uploads\/usu1011\/2021\/05\/Sagrada-familia-1-225x300.jpg 225w\" sizes=\"auto, (max-width: 312px) 100vw, 312px\" \/><\/a><\/p>\n","protected":false},"excerpt":{"rendered":"<p>A les sessions de pl\u00e0stica continuem aprenent molt de l&#8217;artista Antoni Gaud\u00ed. En aquestes sessions hem dibuixat una de les seves grans obres, &#8220;La Sagrada Fam\u00edlia&#8221;. Us agraden?<br \/>\n<a href=\"https:\/\/photos.app.goo.gl\/JGfdGQs3d5gvvSSUA\"><\/a><\/p>\n","protected":false},"author":25,"featured_media":7730,"comment_status":"open","ping_status":"closed","sticky":false,"template":"","format":"standard","meta":{"_bbp_topic_count":0,"_bbp_reply_count":0,"_bbp_total_topic_count":0,"_bbp_total_reply_count":0,"_bbp_voice_count":0,"_bbp_anonymous_reply_count":0,"_bbp_topic_count_hidden":0,"_bbp_reply_count_hidden":0,"_bbp_forum_subforum_count":0,"footnotes":""},"categories":[62,1,9,4],"tags":[],"class_list":["post-7728","post","type-post","status-publish","format-standard","has-post-thumbnail","hentry","category-educacio-infantil","category-general","category-p5","category-portada"],"post_mailing_queue_ids":[],"_links":{"self":[{"href":"https:\/\/agora.xtec.cat\/ceipsab\/wp-json\/wp\/v2\/posts\/7728","targetHints":{"allow":["GET"]}}],"collection":[{"href":"https:\/\/agora.xtec.cat\/ceipsab\/wp-json\/wp\/v2\/posts"}],"about":[{"href":"https:\/\/agora.xtec.cat\/ceipsab\/wp-json\/wp\/v2\/types\/post"}],"author":[{"embeddable":true,"href":"https:\/\/agora.xtec.cat\/ceipsab\/wp-json\/wp\/v2\/users\/25"}],"replies":[{"embeddable":true,"href":"https:\/\/agora.xtec.cat\/ceipsab\/wp-json\/wp\/v2\/comments?post=7728"}],"version-history":[{"count":2,"href":"https:\/\/agora.xtec.cat\/ceipsab\/wp-json\/wp\/v2\/posts\/7728\/revisions"}],"predecessor-version":[{"id":7738,"href":"https:\/\/agora.xtec.cat\/ceipsab\/wp-json\/wp\/v2\/posts\/7728\/revisions\/7738"}],"wp:featuredmedia":[{"embeddable":true,"href":"https:\/\/agora.xtec.cat\/ceipsab\/wp-json\/wp\/v2\/media\/7730"}],"wp:attachment":[{"href":"https:\/\/agora.xtec.cat\/ceipsab\/wp-json\/wp\/v2\/media?parent=7728"}],"wp:term":[{"taxonomy":"category","embeddable":true,"href":"https:\/\/agora.xtec.cat\/ceipsab\/wp-json\/wp\/v2\/categories?post=7728"},{"taxonomy":"post_tag","embeddable":true,"href":"https:\/\/agora.xtec.cat\/ceipsab\/wp-json\/wp\/v2\/tags?post=7728"}],"curies":[{"name":"wp","href":"https:\/\/api.w.org\/{rel}","templated":true}]}}