{"id":7716,"date":"2021-05-24T19:30:32","date_gmt":"2021-05-24T17:30:32","guid":{"rendered":"http:\/\/agora.xtec.cat\/ceipsab\/?p=7716"},"modified":"2021-05-24T19:30:32","modified_gmt":"2021-05-24T17:30:32","slug":"la-maquina-dels-canvis-de-qualitats","status":"publish","type":"post","link":"https:\/\/agora.xtec.cat\/ceipsab\/educacio-infantil\/p5\/la-maquina-dels-canvis-de-qualitats\/","title":{"rendered":"LA M\u00c0QUINA DELS CANVIS DE QUALITATS"},"content":{"rendered":"<p><span style=\"font-weight: 400\">En aquest taller matem\u00e0tic hem posat a prova la nostra l\u00f2gica a trav\u00e9s de la m\u00e0quina de canvi. Amb la vareta de la Fibi hem pogut canviar les qualitats dels blocs l\u00f2gics que entraven a la nostra m\u00e0quina.<\/span><\/p>\n<p><a href=\"https:\/\/photos.app.goo.gl\/oD87iKBoUz2paRBy6\"><img loading=\"lazy\" decoding=\"async\" class=\"wp-image-7717 aligncenter\" src=\"https:\/\/agora.xtec.cat\/ceipsab\/wp-content\/uploads\/usu1011\/2021\/05\/IMG_20210512_114853.jpg\" alt=\"\" width=\"201\" height=\"151\" srcset=\"https:\/\/agora.xtec.cat\/ceipsab\/wp-content\/uploads\/usu1011\/2021\/05\/IMG_20210512_114853.jpg 624w, https:\/\/agora.xtec.cat\/ceipsab\/wp-content\/uploads\/usu1011\/2021\/05\/IMG_20210512_114853-300x225.jpg 300w, https:\/\/agora.xtec.cat\/ceipsab\/wp-content\/uploads\/usu1011\/2021\/05\/IMG_20210512_114853-200x150.jpg 200w\" sizes=\"auto, (max-width: 201px) 100vw, 201px\" \/><\/a><\/p>\n","protected":false},"excerpt":{"rendered":"<p>En aquest taller matem\u00e0tic hem posat a prova la nostra l\u00f2gica a trav\u00e9s de la m\u00e0quina de canvi. Amb la vareta de la Fibi hem pogut canviar les qualitats dels blocs l\u00f2gics que entraven a la nostra m\u00e0quina.<br \/>\n<a href=\"https:\/\/photos.app.goo.gl\/oD87iKBoUz2paRBy6\"><\/a><\/p>\n","protected":false},"author":25,"featured_media":7717,"comment_status":"open","ping_status":"closed","sticky":false,"template":"","format":"standard","meta":{"_bbp_topic_count":0,"_bbp_reply_count":0,"_bbp_total_topic_count":0,"_bbp_total_reply_count":0,"_bbp_voice_count":0,"_bbp_anonymous_reply_count":0,"_bbp_topic_count_hidden":0,"_bbp_reply_count_hidden":0,"_bbp_forum_subforum_count":0,"footnotes":""},"categories":[62,9],"tags":[],"class_list":["post-7716","post","type-post","status-publish","format-standard","has-post-thumbnail","hentry","category-educacio-infantil","category-p5"],"post_mailing_queue_ids":[],"_links":{"self":[{"href":"https:\/\/agora.xtec.cat\/ceipsab\/wp-json\/wp\/v2\/posts\/7716","targetHints":{"allow":["GET"]}}],"collection":[{"href":"https:\/\/agora.xtec.cat\/ceipsab\/wp-json\/wp\/v2\/posts"}],"about":[{"href":"https:\/\/agora.xtec.cat\/ceipsab\/wp-json\/wp\/v2\/types\/post"}],"author":[{"embeddable":true,"href":"https:\/\/agora.xtec.cat\/ceipsab\/wp-json\/wp\/v2\/users\/25"}],"replies":[{"embeddable":true,"href":"https:\/\/agora.xtec.cat\/ceipsab\/wp-json\/wp\/v2\/comments?post=7716"}],"version-history":[{"count":1,"href":"https:\/\/agora.xtec.cat\/ceipsab\/wp-json\/wp\/v2\/posts\/7716\/revisions"}],"predecessor-version":[{"id":7718,"href":"https:\/\/agora.xtec.cat\/ceipsab\/wp-json\/wp\/v2\/posts\/7716\/revisions\/7718"}],"wp:featuredmedia":[{"embeddable":true,"href":"https:\/\/agora.xtec.cat\/ceipsab\/wp-json\/wp\/v2\/media\/7717"}],"wp:attachment":[{"href":"https:\/\/agora.xtec.cat\/ceipsab\/wp-json\/wp\/v2\/media?parent=7716"}],"wp:term":[{"taxonomy":"category","embeddable":true,"href":"https:\/\/agora.xtec.cat\/ceipsab\/wp-json\/wp\/v2\/categories?post=7716"},{"taxonomy":"post_tag","embeddable":true,"href":"https:\/\/agora.xtec.cat\/ceipsab\/wp-json\/wp\/v2\/tags?post=7716"}],"curies":[{"name":"wp","href":"https:\/\/api.w.org\/{rel}","templated":true}]}}