{"id":7703,"date":"2021-05-24T18:54:56","date_gmt":"2021-05-24T16:54:56","guid":{"rendered":"http:\/\/agora.xtec.cat\/ceipsab\/?p=7703"},"modified":"2021-05-24T23:00:30","modified_gmt":"2021-05-24T21:00:30","slug":"taller-de-matematiques-cossos-geometrics","status":"publish","type":"post","link":"https:\/\/agora.xtec.cat\/ceipsab\/educacio-infantil\/p5\/taller-de-matematiques-cossos-geometrics\/","title":{"rendered":"TALLER DE MATEM\u00c0TIQUES: COSSOS GEOM\u00c8TRICS"},"content":{"rendered":"<p><span style=\"font-weight: 400\"><a href=\"https:\/\/photos.app.goo.gl\/fKcepasget4E887v9\"><img loading=\"lazy\" decoding=\"async\" class=\"wp-image-7704 alignleft\" src=\"https:\/\/agora.xtec.cat\/ceipsab\/wp-content\/uploads\/usu1011\/2021\/05\/IMG_20210317_102854-1024x768.jpg\" alt=\"\" width=\"318\" height=\"239\" srcset=\"https:\/\/agora.xtec.cat\/ceipsab\/wp-content\/uploads\/usu1011\/2021\/05\/IMG_20210317_102854-1024x768.jpg 1024w, https:\/\/agora.xtec.cat\/ceipsab\/wp-content\/uploads\/usu1011\/2021\/05\/IMG_20210317_102854-300x225.jpg 300w, https:\/\/agora.xtec.cat\/ceipsab\/wp-content\/uploads\/usu1011\/2021\/05\/IMG_20210317_102854-768x576.jpg 768w, https:\/\/agora.xtec.cat\/ceipsab\/wp-content\/uploads\/usu1011\/2021\/05\/IMG_20210317_102854-200x150.jpg 200w\" sizes=\"auto, (max-width: 318px) 100vw, 318px\" \/><\/a>La Geo ens ha portat diferents cossos geom\u00e8trics de fusta, els hem estat observant molt atentament i despr\u00e9s de veure les seves qualitats (n\u00famero de v\u00e8rtex, cares, la\u00a0<\/span><\/p>\n<p><span style=\"font-weight: 400\">seva forma&#8230;) els hem classificat. Hem descobert: els prismes, les pir\u00e0mides, els cilindres, els cons i les esferes.<\/span><\/p>\n<p><span style=\"font-weight: 400\">Despr\u00e9s hem pogut classificat els diferents materials reciclats que hem portat de casa.<\/span><\/p>\n","protected":false},"excerpt":{"rendered":"<p><a href=\"https:\/\/photos.app.goo.gl\/fKcepasget4E887v9\"><\/a>La Geo ens ha portat diferents cossos geom\u00e8trics de fusta, els hem estat observant molt atentament i despr\u00e9s de veure les seves qualitats (n\u00famero de v\u00e8rtex, cares, la\u00a0<br \/>\nseva forma&#8230;) els hem classificat. Hem descobert: els prismes, les pir\u00e0mides, els cilindres, els cons i les&hellip;  <a href=\"https:\/\/agora.xtec.cat\/ceipsab\/educacio-infantil\/p5\/taller-de-matematiques-cossos-geometrics\/\" title=\"Read TALLER DE MATEM\u00c0TIQUES: COSSOS GEOM\u00c8TRICS\">Llegeix m\u00e9s\u00bb<\/a><\/p>\n","protected":false},"author":25,"featured_media":7704,"comment_status":"open","ping_status":"closed","sticky":false,"template":"","format":"standard","meta":{"_bbp_topic_count":0,"_bbp_reply_count":0,"_bbp_total_topic_count":0,"_bbp_total_reply_count":0,"_bbp_voice_count":0,"_bbp_anonymous_reply_count":0,"_bbp_topic_count_hidden":0,"_bbp_reply_count_hidden":0,"_bbp_forum_subforum_count":0,"footnotes":""},"categories":[9],"tags":[],"class_list":["post-7703","post","type-post","status-publish","format-standard","has-post-thumbnail","hentry","category-p5"],"post_mailing_queue_ids":[],"_links":{"self":[{"href":"https:\/\/agora.xtec.cat\/ceipsab\/wp-json\/wp\/v2\/posts\/7703","targetHints":{"allow":["GET"]}}],"collection":[{"href":"https:\/\/agora.xtec.cat\/ceipsab\/wp-json\/wp\/v2\/posts"}],"about":[{"href":"https:\/\/agora.xtec.cat\/ceipsab\/wp-json\/wp\/v2\/types\/post"}],"author":[{"embeddable":true,"href":"https:\/\/agora.xtec.cat\/ceipsab\/wp-json\/wp\/v2\/users\/25"}],"replies":[{"embeddable":true,"href":"https:\/\/agora.xtec.cat\/ceipsab\/wp-json\/wp\/v2\/comments?post=7703"}],"version-history":[{"count":2,"href":"https:\/\/agora.xtec.cat\/ceipsab\/wp-json\/wp\/v2\/posts\/7703\/revisions"}],"predecessor-version":[{"id":7751,"href":"https:\/\/agora.xtec.cat\/ceipsab\/wp-json\/wp\/v2\/posts\/7703\/revisions\/7751"}],"wp:featuredmedia":[{"embeddable":true,"href":"https:\/\/agora.xtec.cat\/ceipsab\/wp-json\/wp\/v2\/media\/7704"}],"wp:attachment":[{"href":"https:\/\/agora.xtec.cat\/ceipsab\/wp-json\/wp\/v2\/media?parent=7703"}],"wp:term":[{"taxonomy":"category","embeddable":true,"href":"https:\/\/agora.xtec.cat\/ceipsab\/wp-json\/wp\/v2\/categories?post=7703"},{"taxonomy":"post_tag","embeddable":true,"href":"https:\/\/agora.xtec.cat\/ceipsab\/wp-json\/wp\/v2\/tags?post=7703"}],"curies":[{"name":"wp","href":"https:\/\/api.w.org\/{rel}","templated":true}]}}