{"id":7689,"date":"2021-05-24T19:49:03","date_gmt":"2021-05-24T17:49:03","guid":{"rendered":"http:\/\/agora.xtec.cat\/ceipsab\/?p=7689"},"modified":"2021-05-24T19:50:11","modified_gmt":"2021-05-24T17:50:11","slug":"una-aventura-amb-altura","status":"publish","type":"post","link":"https:\/\/agora.xtec.cat\/ceipsab\/primaria\/cicle-superior\/6e\/una-aventura-amb-altura\/","title":{"rendered":"UNA AVENTURA AMB ALTURA"},"content":{"rendered":"<p style=\"text-align: center;\"><strong><em>Tot i que\u00a0 el bon temps no ens ha acompanyat, hem fet el cim del Montcau<\/em><\/strong><\/p>\n<p>El passat dimarts 18 de maig, els nens i les nenes de 6\u00e8 vam anar al Parc Natural de Sant Lloren\u00e7 de Munt i l&#8217;Obac, situat molt a prop de Terrassa. Ens vam vestir com uns bons esportistes i, amb l&#8217;ajuda dels nostres guies, vam aconseguir pujar al cim del Montcau amb una al\u00e7ada de 1056 m.<\/p>\n<p>L&#8217;excursi\u00f3 va ser aproximadament de dues hores, i tot i que vam patir una mica amb el temps que feia (plugim, vent i fred), vam arribar\u00a0 a la part m\u00e9s alta del pic. Des d&#8217;all\u00e0, semblava que estigu\u00e9ssim dins dels n\u00favols perqu\u00e8 no es podia veure res del paisatge que ens envoltava.<\/p>\n<p>A m\u00e9s de fer la pujada fins el cim, els nostres guies ens van explicar moltes coses del Parc Natural com com de gran \u00e9s\u00a0 la seva zona, de quin tipus de roca estava format el terreny, quina vegetaci\u00f3 i quins animals pod\u00edem trobar,&#8230; Una de les coses m\u00e9s curioses que vam poder observar eren unes coves verticals, els avencs, que tenien uns 16 m de profunditat\u00a0 i vivien centenars de\u00a0 ratpenats.<\/p>\n<p>La sortida va ser\u00a0 cansada per\u00f2 ens va encantar!!<\/p>\n<p>Us deixem unes fotos de la nostra excursi\u00f3.<\/p>\n<p><a href=\"https:\/\/photos.app.goo.gl\/AzStEombd8TweV4X6\"><img loading=\"lazy\" decoding=\"async\" class=\" wp-image-7723 aligncenter\" src=\"https:\/\/agora.xtec.cat\/ceipsab\/wp-content\/uploads\/usu1011\/2021\/05\/008.jpg\" alt=\"\" width=\"465\" height=\"343\" srcset=\"https:\/\/agora.xtec.cat\/ceipsab\/wp-content\/uploads\/usu1011\/2021\/05\/008.jpg 607w, https:\/\/agora.xtec.cat\/ceipsab\/wp-content\/uploads\/usu1011\/2021\/05\/008-300x221.jpg 300w\" sizes=\"auto, (max-width: 465px) 100vw, 465px\" \/><\/a><\/p>\n<p>Alumnes de 6\u00e8<\/p>\n","protected":false},"excerpt":{"rendered":"<p>Tot i que\u00a0 el bon temps no ens ha acompanyat, hem fet el cim del Montcau<br \/>\nEl passat dimarts 18 de maig, els nens i les nenes de 6\u00e8 vam anar al Parc Natural de Sant Lloren\u00e7 de Munt i l&#8217;Obac, situat molt a prop de&hellip;  <a href=\"https:\/\/agora.xtec.cat\/ceipsab\/primaria\/cicle-superior\/6e\/una-aventura-amb-altura\/\" title=\"Read UNA AVENTURA AMB ALTURA\">Llegeix m\u00e9s\u00bb<\/a><\/p>\n","protected":false},"author":51,"featured_media":7723,"comment_status":"open","ping_status":"closed","sticky":false,"template":"","format":"standard","meta":{"_bbp_topic_count":0,"_bbp_reply_count":0,"_bbp_total_topic_count":0,"_bbp_total_reply_count":0,"_bbp_voice_count":0,"_bbp_anonymous_reply_count":0,"_bbp_topic_count_hidden":0,"_bbp_reply_count_hidden":0,"_bbp_forum_subforum_count":0,"footnotes":""},"categories":[15],"tags":[],"class_list":["post-7689","post","type-post","status-publish","format-standard","has-post-thumbnail","hentry","category-6e"],"post_mailing_queue_ids":[],"_links":{"self":[{"href":"https:\/\/agora.xtec.cat\/ceipsab\/wp-json\/wp\/v2\/posts\/7689","targetHints":{"allow":["GET"]}}],"collection":[{"href":"https:\/\/agora.xtec.cat\/ceipsab\/wp-json\/wp\/v2\/posts"}],"about":[{"href":"https:\/\/agora.xtec.cat\/ceipsab\/wp-json\/wp\/v2\/types\/post"}],"author":[{"embeddable":true,"href":"https:\/\/agora.xtec.cat\/ceipsab\/wp-json\/wp\/v2\/users\/51"}],"replies":[{"embeddable":true,"href":"https:\/\/agora.xtec.cat\/ceipsab\/wp-json\/wp\/v2\/comments?post=7689"}],"version-history":[{"count":3,"href":"https:\/\/agora.xtec.cat\/ceipsab\/wp-json\/wp\/v2\/posts\/7689\/revisions"}],"predecessor-version":[{"id":7725,"href":"https:\/\/agora.xtec.cat\/ceipsab\/wp-json\/wp\/v2\/posts\/7689\/revisions\/7725"}],"wp:featuredmedia":[{"embeddable":true,"href":"https:\/\/agora.xtec.cat\/ceipsab\/wp-json\/wp\/v2\/media\/7723"}],"wp:attachment":[{"href":"https:\/\/agora.xtec.cat\/ceipsab\/wp-json\/wp\/v2\/media?parent=7689"}],"wp:term":[{"taxonomy":"category","embeddable":true,"href":"https:\/\/agora.xtec.cat\/ceipsab\/wp-json\/wp\/v2\/categories?post=7689"},{"taxonomy":"post_tag","embeddable":true,"href":"https:\/\/agora.xtec.cat\/ceipsab\/wp-json\/wp\/v2\/tags?post=7689"}],"curies":[{"name":"wp","href":"https:\/\/api.w.org\/{rel}","templated":true}]}}