{"id":7686,"date":"2021-05-18T08:31:57","date_gmt":"2021-05-18T06:31:57","guid":{"rendered":"http:\/\/agora.xtec.cat\/ceipsab\/?p=7686"},"modified":"2021-05-18T08:31:57","modified_gmt":"2021-05-18T06:31:57","slug":"lalumnat-de-4t-anem-al-pi-tallat","status":"publish","type":"post","link":"https:\/\/agora.xtec.cat\/ceipsab\/primaria\/lalumnat-de-4t-anem-al-pi-tallat\/","title":{"rendered":"L&#8217;ALUMNAT DE 4t ANEM AL &#8220;PI TALLAT&#8221;"},"content":{"rendered":"<p>El passat dijous 13 de maig l&#8217;alumnat de 4t de l&#8217;escola v\u00e0rem pujar a l&#8217;Everest de Sant Andreu, el &#8220;Pi Tallat&#8221;.<\/p>\n<p>V\u00e0rem gaudir -i v\u00e0rem cansar-nos- caminant i pujant al punt m\u00e9s alt del poble.<\/p>\n<p>Us deixem unes quantes instant\u00e0nies per tal que gaudiu dels millors moments de &#8220;caminata&#8221;, joc,&#8230;<a href=\"https:\/\/photos.app.goo.gl\/UEqyesrnd5EHcE8m7\"><img loading=\"lazy\" decoding=\"async\" class=\"alignnone size-full wp-image-7687\" src=\"https:\/\/agora.xtec.cat\/ceipsab\/wp-content\/uploads\/usu1011\/2021\/05\/descarga.jpg\" alt=\"\" width=\"259\" height=\"194\" srcset=\"https:\/\/agora.xtec.cat\/ceipsab\/wp-content\/uploads\/usu1011\/2021\/05\/descarga.jpg 259w, https:\/\/agora.xtec.cat\/ceipsab\/wp-content\/uploads\/usu1011\/2021\/05\/descarga-200x150.jpg 200w\" sizes=\"auto, (max-width: 259px) 100vw, 259px\" \/><\/a><\/p>\n","protected":false},"excerpt":{"rendered":"<p>El passat dijous 13 de maig l&#8217;alumnat de 4t de l&#8217;escola v\u00e0rem pujar a l&#8217;Everest de Sant Andreu, el &#8220;Pi Tallat&#8221;.<br \/>\nV\u00e0rem gaudir -i v\u00e0rem cansar-nos- caminant i pujant al punt m\u00e9s alt del poble.<br \/>\nUs deixem unes quantes instant\u00e0nies per tal que gaudiu dels millors moments&hellip;  <a href=\"https:\/\/agora.xtec.cat\/ceipsab\/primaria\/lalumnat-de-4t-anem-al-pi-tallat\/\" title=\"Read L&#8217;ALUMNAT DE 4t ANEM AL &#8220;PI TALLAT&#8221;\">Llegeix m\u00e9s\u00bb<\/a><\/p>\n","protected":false},"author":1,"featured_media":7687,"comment_status":"open","ping_status":"closed","sticky":false,"template":"","format":"standard","meta":{"_bbp_topic_count":0,"_bbp_reply_count":0,"_bbp_total_topic_count":0,"_bbp_total_reply_count":0,"_bbp_voice_count":0,"_bbp_anonymous_reply_count":0,"_bbp_topic_count_hidden":0,"_bbp_reply_count_hidden":0,"_bbp_forum_subforum_count":0,"footnotes":""},"categories":[13,64,66,5],"tags":[96,311,104,102,95,310,195],"class_list":["post-7686","post","type-post","status-publish","format-standard","has-post-thumbnail","hentry","category-4t","category-cicle-mitja","category-educacio-fisica","category-primaria","tag-4t","tag-cansament","tag-ciclemitja","tag-diversio","tag-ef","tag-pitallat","tag-sortida"],"post_mailing_queue_ids":[],"_links":{"self":[{"href":"https:\/\/agora.xtec.cat\/ceipsab\/wp-json\/wp\/v2\/posts\/7686","targetHints":{"allow":["GET"]}}],"collection":[{"href":"https:\/\/agora.xtec.cat\/ceipsab\/wp-json\/wp\/v2\/posts"}],"about":[{"href":"https:\/\/agora.xtec.cat\/ceipsab\/wp-json\/wp\/v2\/types\/post"}],"author":[{"embeddable":true,"href":"https:\/\/agora.xtec.cat\/ceipsab\/wp-json\/wp\/v2\/users\/1"}],"replies":[{"embeddable":true,"href":"https:\/\/agora.xtec.cat\/ceipsab\/wp-json\/wp\/v2\/comments?post=7686"}],"version-history":[{"count":1,"href":"https:\/\/agora.xtec.cat\/ceipsab\/wp-json\/wp\/v2\/posts\/7686\/revisions"}],"predecessor-version":[{"id":7688,"href":"https:\/\/agora.xtec.cat\/ceipsab\/wp-json\/wp\/v2\/posts\/7686\/revisions\/7688"}],"wp:featuredmedia":[{"embeddable":true,"href":"https:\/\/agora.xtec.cat\/ceipsab\/wp-json\/wp\/v2\/media\/7687"}],"wp:attachment":[{"href":"https:\/\/agora.xtec.cat\/ceipsab\/wp-json\/wp\/v2\/media?parent=7686"}],"wp:term":[{"taxonomy":"category","embeddable":true,"href":"https:\/\/agora.xtec.cat\/ceipsab\/wp-json\/wp\/v2\/categories?post=7686"},{"taxonomy":"post_tag","embeddable":true,"href":"https:\/\/agora.xtec.cat\/ceipsab\/wp-json\/wp\/v2\/tags?post=7686"}],"curies":[{"name":"wp","href":"https:\/\/api.w.org\/{rel}","templated":true}]}}