{"id":7678,"date":"2021-05-14T13:23:59","date_gmt":"2021-05-14T11:23:59","guid":{"rendered":"http:\/\/agora.xtec.cat\/ceipsab\/?p=7678"},"modified":"2021-05-14T13:25:26","modified_gmt":"2021-05-14T11:25:26","slug":"p3-mural-material-reciclat","status":"publish","type":"post","link":"https:\/\/agora.xtec.cat\/ceipsab\/educacio-infantil\/p3\/p3-mural-material-reciclat\/","title":{"rendered":"P3 MURAL MATERIAL RECICLAT"},"content":{"rendered":"<p>Hola fam\u00edlies!<\/p>\n<p>Com ja sabeu els nens i les nenes de P3 estem treballant l&#8217;artista Joan Mir\u00f3. Sempre utilitzava els seus colors preferits com el blau, el verd, el vermell, el groc i el negre. I, a m\u00e9s, feia murals amb un munt de material reciclat. Aix\u00ed doncs, hem decidit que nosaltres fariem d&#8217;artistes com Mir\u00f3 i hem creat un mural amb tot el material reciclat que hem anat portant de casa.<\/p>\n<p>Ens ho hem passat s\u00faper b\u00e9! Ens voleu veure?<\/p>\n<p><em><strong>P3A<\/strong> \u00a0(Cliqueu a la imatge per veure m\u00e9s fotografies)<\/em><\/p>\n<p><a href=\"https:\/\/photos.app.goo.gl\/S28nY4QAM1Lw8DBV8\"><img loading=\"lazy\" decoding=\"async\" class=\"\" src=\"https:\/\/lh3.googleusercontent.com\/vsUyZJo7ZPXkVZT0L1UrmCnQSf2D-TadU0_Ezoo1niyX1HYPwNESaS9X7FN5k55p3kCBqFKvMOM7c0W8ndwiGSTIZu70KKRxJYz9PVoyG5OLeEK-cKZs6ipSH6qtOrUx3wJE0SHI4YRPZ2T99rzSK1YSB2jJ2pV3ym6t9j5YYgzGrA95mT7mSBHwErA4cL97NYdePW6zEHkVn2_iRRLGu4qkGKKDXJbbE6E6LEYXRSKZ6S-QBselpx2rSR8M_fMoS1zLNOPk0iY32tGSiBA6EicMCuO1ipoWEPJr8NOLmgdCXABDL3mG5kj0UyvDnEQO9isFFyf0i5jFOclNP5PUNn7jiXey1rruGTEfPPOu0bQ7bpW0x8dY8pfQSqtJd8aWx01fKzxFGeKrfsEzW4rJbbwOcqa6EsVk_hXD3G_l9G3g2ps3EgZkcPxXRTPCPQ1DYSZkkBC77INtYNGoKywfJNuhM9HUINy-3uBDqL4K7RXuvH5ATGtupzsYNS6h2zvuMRwur2rhJAoQ0SeUQ5oa-n-zNiyVcu_VfMR4PTO8iLDoVg1ZdNmaQJA5aTm_M1r1brc8uXCYADO8-t2FcYH6wI5qFxR7JtmXPI21AX7QRAOHG5ZuIQ47ECWunE7STRzrF33PbB5m2Q_K-u2Q0J1VrizzbprB6AkAMD6deJlnGBSwR0mmuLQp99aErxZQbZwg5qRGCXzDMtNRfvKgbsObWSbn=w800-h600-no?authuser=1\" width=\"422\" height=\"316\" \/><\/a><\/p>\n<p><em><strong>P3B<\/strong>\u00a0(Cliqueu a la imatge per veure m\u00e9s fotografies)<\/em><\/p>\n<p><a href=\"https:\/\/photos.app.goo.gl\/PHmbtdDdkhko9w526\"><img loading=\"lazy\" decoding=\"async\" class=\"\" src=\"https:\/\/lh3.googleusercontent.com\/07M8c4rUE_GFeUWQ8UHhcMgiqBLQXscLGswGjNjExAQ3UBnXL4hhT7P839cTsF0EvwCUH7OzVTzTbQlKNaZFOZsFx9knDC9EOmDlTpwLoj8J_AHeaxbP3A1kuOgYEBgMJoP-fPRpV8ec7De4Zol7eoA5vx0QoIyqDbRyGc5ZT81_Ljhp_FGiVjpJQPvZt_h6i-Cqi0EAGe6tr5T280mr3DJiMK1CPqgkuAholy52qKMp_oE5DxV1l30iEtR_pfpJRowBObb1m0tj9NqcmT6Vi5qL-IBd8Kf3QpkAXelQSS57ALN-c8ZYrl37cfqy6Hcj_pub6U6ZLSIe9VBqjrBXKrK4IyjDKvkgM6GrPcwt7Qznq6mHumXatVorj0Y2ErKXi1vKiQ39lZw9cDImMSS7vrNcqkTTI-KI00D9jm-5SPlxznPj_pidJFOquOa5SrioHuEfOWd-IE0rnEoRjeSym87Dfrh08bh08y5w6o7_ecXHxbN9yV3tK0oQ0s1eAN3-7dz4e86Ciz_VryfE3PBrH-HlB7TGAI9hkon3gsmYcM8saXqAYYYCGgPiE7eU2MJG77dd6gQCMu4pSNF1QLvS8XS3ZhTdEgp95yU79NzoFmF5FZhaKmIQ48mdM9jLvJJ1POeAKTLVcZswyfwM3P3pxhk53u4sO7d8Dmnb7sLdfIOGuRzeXE0Xl9ZQ3_zhBj_cPcnPx5WyzgjX1KPLGhLSIB1f=w800-h600-no?authuser=1\" width=\"424\" height=\"318\" \/><\/a><\/p>\n<p>&nbsp;<\/p>\n","protected":false},"excerpt":{"rendered":"<p>Hola fam\u00edlies!<br \/>\nCom ja sabeu els nens i les nenes de P3 estem treballant l&#8217;artista Joan Mir\u00f3. Sempre utilitzava els seus colors preferits com el blau, el verd, el vermell, el groc i el negre. I, a m\u00e9s, feia murals amb un munt de material reciclat.&hellip;  <a href=\"https:\/\/agora.xtec.cat\/ceipsab\/educacio-infantil\/p3\/p3-mural-material-reciclat\/\" title=\"Read P3 MURAL MATERIAL RECICLAT\">Llegeix m\u00e9s\u00bb<\/a><\/p>\n","protected":false},"author":1,"featured_media":7679,"comment_status":"open","ping_status":"closed","sticky":false,"template":"","format":"standard","meta":{"_bbp_topic_count":0,"_bbp_reply_count":0,"_bbp_total_topic_count":0,"_bbp_total_reply_count":0,"_bbp_voice_count":0,"_bbp_anonymous_reply_count":0,"_bbp_topic_count_hidden":0,"_bbp_reply_count_hidden":0,"_bbp_forum_subforum_count":0,"footnotes":""},"categories":[62,3],"tags":[],"class_list":["post-7678","post","type-post","status-publish","format-standard","has-post-thumbnail","hentry","category-educacio-infantil","category-p3"],"post_mailing_queue_ids":[],"_links":{"self":[{"href":"https:\/\/agora.xtec.cat\/ceipsab\/wp-json\/wp\/v2\/posts\/7678","targetHints":{"allow":["GET"]}}],"collection":[{"href":"https:\/\/agora.xtec.cat\/ceipsab\/wp-json\/wp\/v2\/posts"}],"about":[{"href":"https:\/\/agora.xtec.cat\/ceipsab\/wp-json\/wp\/v2\/types\/post"}],"author":[{"embeddable":true,"href":"https:\/\/agora.xtec.cat\/ceipsab\/wp-json\/wp\/v2\/users\/1"}],"replies":[{"embeddable":true,"href":"https:\/\/agora.xtec.cat\/ceipsab\/wp-json\/wp\/v2\/comments?post=7678"}],"version-history":[{"count":3,"href":"https:\/\/agora.xtec.cat\/ceipsab\/wp-json\/wp\/v2\/posts\/7678\/revisions"}],"predecessor-version":[{"id":7682,"href":"https:\/\/agora.xtec.cat\/ceipsab\/wp-json\/wp\/v2\/posts\/7678\/revisions\/7682"}],"wp:featuredmedia":[{"embeddable":true,"href":"https:\/\/agora.xtec.cat\/ceipsab\/wp-json\/wp\/v2\/media\/7679"}],"wp:attachment":[{"href":"https:\/\/agora.xtec.cat\/ceipsab\/wp-json\/wp\/v2\/media?parent=7678"}],"wp:term":[{"taxonomy":"category","embeddable":true,"href":"https:\/\/agora.xtec.cat\/ceipsab\/wp-json\/wp\/v2\/categories?post=7678"},{"taxonomy":"post_tag","embeddable":true,"href":"https:\/\/agora.xtec.cat\/ceipsab\/wp-json\/wp\/v2\/tags?post=7678"}],"curies":[{"name":"wp","href":"https:\/\/api.w.org\/{rel}","templated":true}]}}