{"id":7672,"date":"2021-05-13T13:19:41","date_gmt":"2021-05-13T11:19:41","guid":{"rendered":"http:\/\/agora.xtec.cat\/ceipsab\/?p=7672"},"modified":"2021-05-13T13:19:41","modified_gmt":"2021-05-13T11:19:41","slug":"la-primavera-de-vivaldi","status":"publish","type":"post","link":"https:\/\/agora.xtec.cat\/ceipsab\/educacio-infantil\/p3\/la-primavera-de-vivaldi\/","title":{"rendered":"LA PRIMAVERA DE VIVALDI"},"content":{"rendered":"<p>Hola fam\u00edlies!<\/p>\n<p>Com ja sabeu, els nens i nenes de P3 fem m\u00fasica un cop per setmana. Aquests dies hem escoltat l&#8217;audici\u00f3 de &#8220;La Primavera&#8221; del compositor Antonio Vivaldi.<\/p>\n<p>Entre tots hem fet una petita representaci\u00f3 a la classe, seguint aquest musicograma. Si voleu el podeu veure a Youtube amb els vostres fills i filles.<\/p>\n<p>Tamb\u00e9 us deixem els v\u00eddeos de la representaci\u00f3 que hem fet a classe. Ho hem fet molt b\u00e9!<\/p>\n<p><a href=\"https:\/\/photos.app.goo.gl\/gjwiwaQ311JUXvEAA\">P3A (Cliqueu per veure el v\u00eddeo)<\/a><\/p>\n<p>&nbsp;<\/p>\n<p><a href=\"https:\/\/photos.app.goo.gl\/JLft5zLWx7H2LKLk6\">P3B (Cliqueu per veure el v\u00eddeo)<\/a><\/p>\n<p>&nbsp;<\/p>\n<p><iframe loading=\"lazy\" title=\"Musicograma La Primavera - A. Vivaldi | Musilandia\" width=\"500\" height=\"281\" src=\"https:\/\/www.youtube.com\/embed\/l4Ad6pZ8vEQ?feature=oembed\" frameborder=\"0\" allow=\"accelerometer; autoplay; clipboard-write; encrypted-media; gyroscope; picture-in-picture; web-share\" referrerpolicy=\"strict-origin-when-cross-origin\" allowfullscreen><\/iframe><\/p>\n<p>&nbsp;<\/p>\n","protected":false},"excerpt":{"rendered":"<p>Hola fam\u00edlies!<br \/>\nCom ja sabeu, els nens i nenes de P3 fem m\u00fasica un cop per setmana. Aquests dies hem escoltat l&#8217;audici\u00f3 de &#8220;La Primavera&#8221; del compositor Antonio Vivaldi.<br \/>\nEntre tots hem fet una petita representaci\u00f3 a la classe, seguint aquest musicograma. Si voleu el podeu veure&hellip;  <a href=\"https:\/\/agora.xtec.cat\/ceipsab\/educacio-infantil\/p3\/la-primavera-de-vivaldi\/\" title=\"Read LA PRIMAVERA DE VIVALDI\">Llegeix m\u00e9s\u00bb<\/a><\/p>\n","protected":false},"author":1,"featured_media":7674,"comment_status":"open","ping_status":"closed","sticky":false,"template":"","format":"standard","meta":{"_bbp_topic_count":0,"_bbp_reply_count":0,"_bbp_total_topic_count":0,"_bbp_total_reply_count":0,"_bbp_voice_count":0,"_bbp_anonymous_reply_count":0,"_bbp_topic_count_hidden":0,"_bbp_reply_count_hidden":0,"_bbp_forum_subforum_count":0,"footnotes":""},"categories":[62,3],"tags":[],"class_list":["post-7672","post","type-post","status-publish","format-standard","has-post-thumbnail","hentry","category-educacio-infantil","category-p3"],"post_mailing_queue_ids":[],"_links":{"self":[{"href":"https:\/\/agora.xtec.cat\/ceipsab\/wp-json\/wp\/v2\/posts\/7672","targetHints":{"allow":["GET"]}}],"collection":[{"href":"https:\/\/agora.xtec.cat\/ceipsab\/wp-json\/wp\/v2\/posts"}],"about":[{"href":"https:\/\/agora.xtec.cat\/ceipsab\/wp-json\/wp\/v2\/types\/post"}],"author":[{"embeddable":true,"href":"https:\/\/agora.xtec.cat\/ceipsab\/wp-json\/wp\/v2\/users\/1"}],"replies":[{"embeddable":true,"href":"https:\/\/agora.xtec.cat\/ceipsab\/wp-json\/wp\/v2\/comments?post=7672"}],"version-history":[{"count":1,"href":"https:\/\/agora.xtec.cat\/ceipsab\/wp-json\/wp\/v2\/posts\/7672\/revisions"}],"predecessor-version":[{"id":7673,"href":"https:\/\/agora.xtec.cat\/ceipsab\/wp-json\/wp\/v2\/posts\/7672\/revisions\/7673"}],"wp:featuredmedia":[{"embeddable":true,"href":"https:\/\/agora.xtec.cat\/ceipsab\/wp-json\/wp\/v2\/media\/7674"}],"wp:attachment":[{"href":"https:\/\/agora.xtec.cat\/ceipsab\/wp-json\/wp\/v2\/media?parent=7672"}],"wp:term":[{"taxonomy":"category","embeddable":true,"href":"https:\/\/agora.xtec.cat\/ceipsab\/wp-json\/wp\/v2\/categories?post=7672"},{"taxonomy":"post_tag","embeddable":true,"href":"https:\/\/agora.xtec.cat\/ceipsab\/wp-json\/wp\/v2\/tags?post=7672"}],"curies":[{"name":"wp","href":"https:\/\/api.w.org\/{rel}","templated":true}]}}