{"id":7587,"date":"2021-04-15T11:38:27","date_gmt":"2021-04-15T09:38:27","guid":{"rendered":"http:\/\/agora.xtec.cat\/ceipsab\/?p=7587"},"modified":"2021-04-15T11:38:27","modified_gmt":"2021-04-15T09:38:27","slug":"dansa-la-masovera-p5","status":"publish","type":"post","link":"https:\/\/agora.xtec.cat\/ceipsab\/educacio-infantil\/p5\/general\/dansa-la-masovera-p5\/","title":{"rendered":"DANSA: LA MASOVERA P5"},"content":{"rendered":"<p><span style=\"font-weight: 400;\">A m\u00fasica hem apr\u00e8s a ballar la can\u00e7\u00f3: &#8220;La masovera&#8221;. Mireu que fant\u00e0stics ballarins i ballarines som.<\/span><\/p>\n<p>P5A<\/p>\n<p><a href=\"https:\/\/youtu.be\/aeAmBu35-1Y\"><img loading=\"lazy\" decoding=\"async\" class=\"alignnone size-medium wp-image-7588\" src=\"https:\/\/agora.xtec.cat\/ceipsab\/wp-content\/uploads\/usu1011\/2021\/04\/dansa-300x146.jpg\" alt=\"\" width=\"300\" height=\"146\" srcset=\"https:\/\/agora.xtec.cat\/ceipsab\/wp-content\/uploads\/usu1011\/2021\/04\/dansa-300x146.jpg 300w, https:\/\/agora.xtec.cat\/ceipsab\/wp-content\/uploads\/usu1011\/2021\/04\/dansa-768x373.jpg 768w, https:\/\/agora.xtec.cat\/ceipsab\/wp-content\/uploads\/usu1011\/2021\/04\/dansa.jpg 975w\" sizes=\"auto, (max-width: 300px) 100vw, 300px\" \/><\/a><\/p>\n<p>P5B<\/p>\n<p><a href=\"https:\/\/youtu.be\/H6zuHcUercM\"><img loading=\"lazy\" decoding=\"async\" class=\"alignnone size-medium wp-image-7590\" src=\"https:\/\/agora.xtec.cat\/ceipsab\/wp-content\/uploads\/usu1011\/2021\/04\/dansa2-300x147.jpg\" alt=\"\" width=\"300\" height=\"147\" srcset=\"https:\/\/agora.xtec.cat\/ceipsab\/wp-content\/uploads\/usu1011\/2021\/04\/dansa2-300x147.jpg 300w, https:\/\/agora.xtec.cat\/ceipsab\/wp-content\/uploads\/usu1011\/2021\/04\/dansa2-768x376.jpg 768w, https:\/\/agora.xtec.cat\/ceipsab\/wp-content\/uploads\/usu1011\/2021\/04\/dansa2.jpg 982w\" sizes=\"auto, (max-width: 300px) 100vw, 300px\" \/><\/a><\/p>\n","protected":false},"excerpt":{"rendered":"<p>A m\u00fasica hem apr\u00e8s a ballar la can\u00e7\u00f3: &#8220;La masovera&#8221;. Mireu que fant\u00e0stics ballarins i ballarines som.<br \/>\nP5A<br \/>\n<a href=\"https:\/\/youtu.be\/aeAmBu35-1Y\"><\/a><br \/>\nP5B<br \/>\n<a href=\"https:\/\/youtu.be\/H6zuHcUercM\"><\/a><\/p>\n","protected":false},"author":7,"featured_media":7589,"comment_status":"open","ping_status":"closed","sticky":false,"template":"","format":"standard","meta":{"_bbp_topic_count":0,"_bbp_reply_count":0,"_bbp_total_topic_count":0,"_bbp_total_reply_count":0,"_bbp_voice_count":0,"_bbp_anonymous_reply_count":0,"_bbp_topic_count_hidden":0,"_bbp_reply_count_hidden":0,"_bbp_forum_subforum_count":0,"footnotes":""},"categories":[62,1,9],"tags":[150,299,298,175,226],"class_list":["post-7587","post","type-post","status-publish","format-standard","has-post-thumbnail","hentry","category-educacio-infantil","category-general","category-p5","tag-ballem","tag-dansa","tag-masovera","tag-musica","tag-p5"],"post_mailing_queue_ids":[],"_links":{"self":[{"href":"https:\/\/agora.xtec.cat\/ceipsab\/wp-json\/wp\/v2\/posts\/7587","targetHints":{"allow":["GET"]}}],"collection":[{"href":"https:\/\/agora.xtec.cat\/ceipsab\/wp-json\/wp\/v2\/posts"}],"about":[{"href":"https:\/\/agora.xtec.cat\/ceipsab\/wp-json\/wp\/v2\/types\/post"}],"author":[{"embeddable":true,"href":"https:\/\/agora.xtec.cat\/ceipsab\/wp-json\/wp\/v2\/users\/7"}],"replies":[{"embeddable":true,"href":"https:\/\/agora.xtec.cat\/ceipsab\/wp-json\/wp\/v2\/comments?post=7587"}],"version-history":[{"count":2,"href":"https:\/\/agora.xtec.cat\/ceipsab\/wp-json\/wp\/v2\/posts\/7587\/revisions"}],"predecessor-version":[{"id":7592,"href":"https:\/\/agora.xtec.cat\/ceipsab\/wp-json\/wp\/v2\/posts\/7587\/revisions\/7592"}],"wp:featuredmedia":[{"embeddable":true,"href":"https:\/\/agora.xtec.cat\/ceipsab\/wp-json\/wp\/v2\/media\/7589"}],"wp:attachment":[{"href":"https:\/\/agora.xtec.cat\/ceipsab\/wp-json\/wp\/v2\/media?parent=7587"}],"wp:term":[{"taxonomy":"category","embeddable":true,"href":"https:\/\/agora.xtec.cat\/ceipsab\/wp-json\/wp\/v2\/categories?post=7587"},{"taxonomy":"post_tag","embeddable":true,"href":"https:\/\/agora.xtec.cat\/ceipsab\/wp-json\/wp\/v2\/tags?post=7587"}],"curies":[{"name":"wp","href":"https:\/\/api.w.org\/{rel}","templated":true}]}}