{"id":7576,"date":"2021-04-11T11:03:34","date_gmt":"2021-04-11T09:03:34","guid":{"rendered":"http:\/\/agora.xtec.cat\/ceipsab\/?p=7576"},"modified":"2021-04-11T11:03:34","modified_gmt":"2021-04-11T09:03:34","slug":"taller-a-laula-sobre-el-plastic","status":"publish","type":"post","link":"https:\/\/agora.xtec.cat\/ceipsab\/primaria\/taller-a-laula-sobre-el-plastic\/","title":{"rendered":"TALLER A L&#8217;AULA SOBRE EL PL\u00c0STIC"},"content":{"rendered":"<p>Aquests passats 8 i 9 d&#8217;abril, l&#8217;alumnat de 4t ha gaudit d&#8217;una experi\u00e8ncia enriquidora i formadora amb un taller sobre les diferents perspectives envers el pl\u00e0stic, els seus usos i com afecta el planeta. Ho han fet amb els companys i companyes del Museu de la Vida Rural de l&#8217;Espluga de Francol\u00ed (Tarragona), que s&#8217;han despla\u00e7at fins al nostre centre per ajudar-nos a entendre millor la problem\u00e0tica que suposen els diferents tipus de pl\u00e0stic, i tamb\u00e9 la seva part positiva.<\/p>\n<p>Us deixem un seguit de fotografies per tal que pugueu gaudir de les diferents activitats realitzades:<\/p>\n<p><a href=\"https:\/\/photos.app.goo.gl\/iA6kktKkHVupuoju5\"><img loading=\"lazy\" decoding=\"async\" class=\"alignnone size-large wp-image-7577\" src=\"https:\/\/agora.xtec.cat\/ceipsab\/wp-content\/uploads\/usu1011\/2021\/04\/Foto-exemple-MVR-740x1024.jpg\" alt=\"\" width=\"740\" height=\"1024\" srcset=\"https:\/\/agora.xtec.cat\/ceipsab\/wp-content\/uploads\/usu1011\/2021\/04\/Foto-exemple-MVR-740x1024.jpg 740w, https:\/\/agora.xtec.cat\/ceipsab\/wp-content\/uploads\/usu1011\/2021\/04\/Foto-exemple-MVR-217x300.jpg 217w, https:\/\/agora.xtec.cat\/ceipsab\/wp-content\/uploads\/usu1011\/2021\/04\/Foto-exemple-MVR.jpg 768w\" sizes=\"auto, (max-width: 740px) 100vw, 740px\" \/><\/a><\/p>\n","protected":false},"excerpt":{"rendered":"<p>Aquests passats 8 i 9 d&#8217;abril, l&#8217;alumnat de 4t ha gaudit d&#8217;una experi\u00e8ncia enriquidora i formadora amb un taller sobre les diferents perspectives envers el pl\u00e0stic, els seus usos i com afecta el planeta. Ho han fet amb els companys i companyes del Museu de&hellip;  <a href=\"https:\/\/agora.xtec.cat\/ceipsab\/primaria\/taller-a-laula-sobre-el-plastic\/\" title=\"Read TALLER A L&#8217;AULA SOBRE EL PL\u00c0STIC\">Llegeix m\u00e9s\u00bb<\/a><\/p>\n","protected":false},"author":1,"featured_media":7577,"comment_status":"open","ping_status":"closed","sticky":false,"template":"","format":"standard","meta":{"_bbp_topic_count":0,"_bbp_reply_count":0,"_bbp_total_topic_count":0,"_bbp_total_reply_count":0,"_bbp_voice_count":0,"_bbp_anonymous_reply_count":0,"_bbp_topic_count_hidden":0,"_bbp_reply_count_hidden":0,"_bbp_forum_subforum_count":0,"footnotes":""},"categories":[13,64,5],"tags":[296,104,297,294,295],"class_list":["post-7576","post","type-post","status-publish","format-standard","has-post-thumbnail","hentry","category-4t","category-cicle-mitja","category-primaria","tag-aprenentatge","tag-ciclemitja","tag-cooperacio","tag-plastic","tag-talleralaula"],"post_mailing_queue_ids":[],"_links":{"self":[{"href":"https:\/\/agora.xtec.cat\/ceipsab\/wp-json\/wp\/v2\/posts\/7576","targetHints":{"allow":["GET"]}}],"collection":[{"href":"https:\/\/agora.xtec.cat\/ceipsab\/wp-json\/wp\/v2\/posts"}],"about":[{"href":"https:\/\/agora.xtec.cat\/ceipsab\/wp-json\/wp\/v2\/types\/post"}],"author":[{"embeddable":true,"href":"https:\/\/agora.xtec.cat\/ceipsab\/wp-json\/wp\/v2\/users\/1"}],"replies":[{"embeddable":true,"href":"https:\/\/agora.xtec.cat\/ceipsab\/wp-json\/wp\/v2\/comments?post=7576"}],"version-history":[{"count":1,"href":"https:\/\/agora.xtec.cat\/ceipsab\/wp-json\/wp\/v2\/posts\/7576\/revisions"}],"predecessor-version":[{"id":7578,"href":"https:\/\/agora.xtec.cat\/ceipsab\/wp-json\/wp\/v2\/posts\/7576\/revisions\/7578"}],"wp:featuredmedia":[{"embeddable":true,"href":"https:\/\/agora.xtec.cat\/ceipsab\/wp-json\/wp\/v2\/media\/7577"}],"wp:attachment":[{"href":"https:\/\/agora.xtec.cat\/ceipsab\/wp-json\/wp\/v2\/media?parent=7576"}],"wp:term":[{"taxonomy":"category","embeddable":true,"href":"https:\/\/agora.xtec.cat\/ceipsab\/wp-json\/wp\/v2\/categories?post=7576"},{"taxonomy":"post_tag","embeddable":true,"href":"https:\/\/agora.xtec.cat\/ceipsab\/wp-json\/wp\/v2\/tags?post=7576"}],"curies":[{"name":"wp","href":"https:\/\/api.w.org\/{rel}","templated":true}]}}