{"id":7572,"date":"2021-04-06T15:16:37","date_gmt":"2021-04-06T13:16:37","guid":{"rendered":"http:\/\/agora.xtec.cat\/ceipsab\/?p=7572"},"modified":"2021-04-14T15:21:02","modified_gmt":"2021-04-14T13:21:02","slug":"ruta-pel-medi-ambient","status":"publish","type":"post","link":"https:\/\/agora.xtec.cat\/ceipsab\/primaria\/cicle-superior\/6e\/ruta-pel-medi-ambient\/","title":{"rendered":"RUTA PEL MEDI AMBIENT."},"content":{"rendered":"<p>Hola a tothom!<\/p>\n<p>El dimecres 24 de mar\u00e7 vam fer una sortida al riu Llobregat amb l&#8217;objectiu d&#8217;arribar fins a Pallej\u00e0, aproximadament fins l&#8217;a\u00e7ada l&#8217;escola La Garalda.<\/p>\n<p>L&#8217;objectiu principal de la sortida era realitzar algunes activitats que tenen a veure amb el medi i l&#8217;educaci\u00f3 f\u00edsica com estudiar les pulsacions del cos, els quil\u00f2metres fets, el medi ambient&#8230;<\/p>\n<p>Vam obervar l&#8217;entron, la natura amb la seva fauna i flora, les f\u00e0briques, ind\u00fastries i els pobles del voltant; i vam veure prou brut\u00edcia que hi havia al cam\u00ed deixada pels humans. Per\u00f2 tot i aix\u00f2 vam poder gaudir del riu i dels seus paisatges.<\/p>\n<p>Un dels objectius era participar en la &#8220;Petjada Verda&#8221;, cosa que no vam poder acabar fent per aspectes del Covid, per\u00f2 ho farem.<\/p>\n<p>Us deixem un recull de les imatges de le nostra sortida, per veure-les feu clic a la foto de sota:<\/p>\n<p><a href=\"https:\/\/photos.app.goo.gl\/zyxidNT5jEj3rGFN7\"><img loading=\"lazy\" decoding=\"async\" id=\"imi\" class=\"n3VNCb aligncenter\" src=\"http:\/\/1.bp.blogspot.com\/-D-aQb9m82GA\/U2NbnzewmUI\/AAAAAAAANTM\/sBI5i6284XE\/s1600\/P1060305.JPG\" alt=\"La Natura a Sant Andreu de la Barca: Riu Llobregat (Sant Andreu de la Barca) - 02\/05\/2014\" width=\"225\" height=\"169\" data-deferred=\"1\" data-w=\"1600\" data-h=\"1200\" data-atf=\"true\" data-iml=\"2458\" \/><\/a><\/p>\n<p>Fins aqu\u00ed l&#8217;entrada de la sortida esperem que l&#8217;hagueu gaudit, a m\u00e9s a m\u00e9s us recomanem fer la sortida, ho vam passar molt b\u00e9!<\/p>\n<p>Els i les alumnes de sis\u00e8.<\/p>\n<p>&nbsp;<\/p>\n","protected":false},"excerpt":{"rendered":"<p>Hola a tothom!<br \/>\nEl dimecres 24 de mar\u00e7 vam fer una sortida al riu Llobregat amb l&#8217;objectiu d&#8217;arribar fins a Pallej\u00e0, aproximadament fins l&#8217;a\u00e7ada l&#8217;escola La Garalda.<br \/>\nL&#8217;objectiu principal de la sortida era realitzar algunes activitats que tenen a veure amb el medi i l&#8217;educaci\u00f3 f\u00edsica com&hellip;  <a href=\"https:\/\/agora.xtec.cat\/ceipsab\/primaria\/cicle-superior\/6e\/ruta-pel-medi-ambient\/\" title=\"Read RUTA PEL MEDI AMBIENT.\">Llegeix m\u00e9s\u00bb<\/a><\/p>\n","protected":false},"author":1,"featured_media":7536,"comment_status":"open","ping_status":"closed","sticky":false,"template":"","format":"standard","meta":{"_bbp_topic_count":0,"_bbp_reply_count":0,"_bbp_total_topic_count":0,"_bbp_total_reply_count":0,"_bbp_voice_count":0,"_bbp_anonymous_reply_count":0,"_bbp_topic_count_hidden":0,"_bbp_reply_count_hidden":0,"_bbp_forum_subforum_count":0,"footnotes":""},"categories":[15],"tags":[],"class_list":["post-7572","post","type-post","status-publish","format-standard","has-post-thumbnail","hentry","category-6e"],"post_mailing_queue_ids":[],"_links":{"self":[{"href":"https:\/\/agora.xtec.cat\/ceipsab\/wp-json\/wp\/v2\/posts\/7572","targetHints":{"allow":["GET"]}}],"collection":[{"href":"https:\/\/agora.xtec.cat\/ceipsab\/wp-json\/wp\/v2\/posts"}],"about":[{"href":"https:\/\/agora.xtec.cat\/ceipsab\/wp-json\/wp\/v2\/types\/post"}],"author":[{"embeddable":true,"href":"https:\/\/agora.xtec.cat\/ceipsab\/wp-json\/wp\/v2\/users\/1"}],"replies":[{"embeddable":true,"href":"https:\/\/agora.xtec.cat\/ceipsab\/wp-json\/wp\/v2\/comments?post=7572"}],"version-history":[{"count":1,"href":"https:\/\/agora.xtec.cat\/ceipsab\/wp-json\/wp\/v2\/posts\/7572\/revisions"}],"predecessor-version":[{"id":7573,"href":"https:\/\/agora.xtec.cat\/ceipsab\/wp-json\/wp\/v2\/posts\/7572\/revisions\/7573"}],"wp:featuredmedia":[{"embeddable":true,"href":"https:\/\/agora.xtec.cat\/ceipsab\/wp-json\/wp\/v2\/media\/7536"}],"wp:attachment":[{"href":"https:\/\/agora.xtec.cat\/ceipsab\/wp-json\/wp\/v2\/media?parent=7572"}],"wp:term":[{"taxonomy":"category","embeddable":true,"href":"https:\/\/agora.xtec.cat\/ceipsab\/wp-json\/wp\/v2\/categories?post=7572"},{"taxonomy":"post_tag","embeddable":true,"href":"https:\/\/agora.xtec.cat\/ceipsab\/wp-json\/wp\/v2\/tags?post=7572"}],"curies":[{"name":"wp","href":"https:\/\/api.w.org\/{rel}","templated":true}]}}