{"id":7547,"date":"2021-03-29T22:40:58","date_gmt":"2021-03-29T20:40:58","guid":{"rendered":"http:\/\/agora.xtec.cat\/ceipsab\/?p=7547"},"modified":"2021-03-29T22:40:58","modified_gmt":"2021-03-29T20:40:58","slug":"coneixem-el-nostre-entorn-el-riu-llobregat","status":"publish","type":"post","link":"https:\/\/agora.xtec.cat\/ceipsab\/primaria\/coneixem-el-nostre-entorn-el-riu-llobregat\/","title":{"rendered":"CONEIXEM EL NOSTRE ENTORN: EL RIU LLOBREGAT!"},"content":{"rendered":"<p>Des de l&#8217;\u00e0rea d&#8217;Educaci\u00f3 F\u00edsica, i amb una gran organitzaci\u00f3 per part del nostre mestre, el Jes\u00fas, hem descobert (o redescobert) el riu Llobregat al seu pas pel nostre poble. Sort nostra, a m\u00e9s, que el tenim a tocar de l&#8217;escola.<\/p>\n<p>Us deixem unes fotografies de la caminada i les explicacions.<\/p>\n<p><a href=\"https:\/\/photos.app.goo.gl\/pC3Hzm4wwHHMJUJk6\"><img loading=\"lazy\" decoding=\"async\" class=\"alignnone size-full wp-image-7548\" src=\"https:\/\/agora.xtec.cat\/ceipsab\/wp-content\/uploads\/usu1011\/2021\/03\/sab-riu-llera.jpg\" alt=\"\" width=\"500\" height=\"375\" srcset=\"https:\/\/agora.xtec.cat\/ceipsab\/wp-content\/uploads\/usu1011\/2021\/03\/sab-riu-llera.jpg 500w, https:\/\/agora.xtec.cat\/ceipsab\/wp-content\/uploads\/usu1011\/2021\/03\/sab-riu-llera-300x225.jpg 300w, https:\/\/agora.xtec.cat\/ceipsab\/wp-content\/uploads\/usu1011\/2021\/03\/sab-riu-llera-200x150.jpg 200w\" sizes=\"auto, (max-width: 500px) 100vw, 500px\" \/><\/a><\/p>\n","protected":false},"excerpt":{"rendered":"<p>Des de l&#8217;\u00e0rea d&#8217;Educaci\u00f3 F\u00edsica, i amb una gran organitzaci\u00f3 per part del nostre mestre, el Jes\u00fas, hem descobert (o redescobert) el riu Llobregat al seu pas pel nostre poble. Sort nostra, a m\u00e9s, que el tenim a tocar de l&#8217;escola.<br \/>\nUs deixem unes fotografies de&hellip;  <a href=\"https:\/\/agora.xtec.cat\/ceipsab\/primaria\/coneixem-el-nostre-entorn-el-riu-llobregat\/\" title=\"Read CONEIXEM EL NOSTRE ENTORN: EL RIU LLOBREGAT!\">Llegeix m\u00e9s\u00bb<\/a><\/p>\n","protected":false},"author":1,"featured_media":7548,"comment_status":"open","ping_status":"closed","sticky":false,"template":"","format":"standard","meta":{"_bbp_topic_count":0,"_bbp_reply_count":0,"_bbp_total_topic_count":0,"_bbp_total_reply_count":0,"_bbp_voice_count":0,"_bbp_anonymous_reply_count":0,"_bbp_topic_count_hidden":0,"_bbp_reply_count_hidden":0,"_bbp_forum_subforum_count":0,"footnotes":""},"categories":[13,64,66,5],"tags":[96,292,290,127,289,291],"class_list":["post-7547","post","type-post","status-publish","format-standard","has-post-thumbnail","hentry","category-4t","category-cicle-mitja","category-educacio-fisica","category-primaria","tag-4t","tag-aprenentatgealanatura","tag-caminada","tag-educaciofisica","tag-riullobregat","tag-senderisme"],"post_mailing_queue_ids":[],"_links":{"self":[{"href":"https:\/\/agora.xtec.cat\/ceipsab\/wp-json\/wp\/v2\/posts\/7547","targetHints":{"allow":["GET"]}}],"collection":[{"href":"https:\/\/agora.xtec.cat\/ceipsab\/wp-json\/wp\/v2\/posts"}],"about":[{"href":"https:\/\/agora.xtec.cat\/ceipsab\/wp-json\/wp\/v2\/types\/post"}],"author":[{"embeddable":true,"href":"https:\/\/agora.xtec.cat\/ceipsab\/wp-json\/wp\/v2\/users\/1"}],"replies":[{"embeddable":true,"href":"https:\/\/agora.xtec.cat\/ceipsab\/wp-json\/wp\/v2\/comments?post=7547"}],"version-history":[{"count":1,"href":"https:\/\/agora.xtec.cat\/ceipsab\/wp-json\/wp\/v2\/posts\/7547\/revisions"}],"predecessor-version":[{"id":7549,"href":"https:\/\/agora.xtec.cat\/ceipsab\/wp-json\/wp\/v2\/posts\/7547\/revisions\/7549"}],"wp:featuredmedia":[{"embeddable":true,"href":"https:\/\/agora.xtec.cat\/ceipsab\/wp-json\/wp\/v2\/media\/7548"}],"wp:attachment":[{"href":"https:\/\/agora.xtec.cat\/ceipsab\/wp-json\/wp\/v2\/media?parent=7547"}],"wp:term":[{"taxonomy":"category","embeddable":true,"href":"https:\/\/agora.xtec.cat\/ceipsab\/wp-json\/wp\/v2\/categories?post=7547"},{"taxonomy":"post_tag","embeddable":true,"href":"https:\/\/agora.xtec.cat\/ceipsab\/wp-json\/wp\/v2\/tags?post=7547"}],"curies":[{"name":"wp","href":"https:\/\/api.w.org\/{rel}","templated":true}]}}