{"id":7476,"date":"2021-03-25T15:52:38","date_gmt":"2021-03-25T14:52:38","guid":{"rendered":"http:\/\/agora.xtec.cat\/ceipsab\/?p=7476"},"modified":"2021-03-25T15:52:38","modified_gmt":"2021-03-25T14:52:38","slug":"a-1r-i-2n-acomiadem-a-la-vella-quaresma","status":"publish","type":"post","link":"https:\/\/agora.xtec.cat\/ceipsab\/portada\/a-1r-i-2n-acomiadem-a-la-vella-quaresma\/","title":{"rendered":"A 1r i 2n acomiadem a la Vella Quaresma"},"content":{"rendered":"<p>Despr\u00e9s de 7 setmanes, tantes com potes t\u00e9, ens hem acomiadat de la Vella Quaresma.<\/p>\n<p>Ens va venir a visitar respectant totes les mesures de protecci\u00f3. Per aix\u00f2 cada dia ens saludava amb la seva mascareta. I cada dijous baix\u00e0vem al pati on cada nen o nena d&#8217;una classe diferent li tallava una cama.<\/p>\n<p>Hem estat set setmanes gaudint de la seva companyia i la veritat \u00e9s que ens ha fet una mica de pena quan ens hem acomiadat d&#8217;ella.<\/p>\n<p>Per\u00f2 segur que el proper any torna a visitar-nos. Que vagi molt b\u00e9 Vella Quaresma.<\/p>\n<p>Aqui podeu veure totes les fotos.<\/p>\n<p>&nbsp;<\/p>\n<p><a href=\"https:\/\/photos.app.goo.gl\/Bg4s4kMTzeEStdFi6\"><img loading=\"lazy\" decoding=\"async\" class=\"wp-image-7197 aligncenter\" src=\"https:\/\/agora.xtec.cat\/ceipsab\/wp-content\/uploads\/usu1011\/2021\/02\/vq.jpg\" alt=\"\" width=\"118\" height=\"148\" srcset=\"https:\/\/agora.xtec.cat\/ceipsab\/wp-content\/uploads\/usu1011\/2021\/02\/vq.jpg 474w, https:\/\/agora.xtec.cat\/ceipsab\/wp-content\/uploads\/usu1011\/2021\/02\/vq-239x300.jpg 239w\" sizes=\"auto, (max-width: 118px) 100vw, 118px\" \/><\/a><\/p>\n<p>&nbsp;<\/p>\n","protected":false},"excerpt":{"rendered":"<p>Despr\u00e9s de 7 setmanes, tantes com potes t\u00e9, ens hem acomiadat de la Vella Quaresma.<br \/>\nEns va venir a visitar respectant totes les mesures de protecci\u00f3. Per aix\u00f2 cada dia ens saludava amb la seva mascareta. I cada dijous baix\u00e0vem al pati on cada nen o&hellip;  <a href=\"https:\/\/agora.xtec.cat\/ceipsab\/portada\/a-1r-i-2n-acomiadem-a-la-vella-quaresma\/\" title=\"Read A 1r i 2n acomiadem a la Vella Quaresma\">Llegeix m\u00e9s\u00bb<\/a><\/p>\n","protected":false},"author":1,"featured_media":7197,"comment_status":"open","ping_status":"closed","sticky":false,"template":"","format":"standard","meta":{"_bbp_topic_count":0,"_bbp_reply_count":0,"_bbp_total_topic_count":0,"_bbp_total_reply_count":0,"_bbp_voice_count":0,"_bbp_anonymous_reply_count":0,"_bbp_topic_count_hidden":0,"_bbp_reply_count_hidden":0,"_bbp_forum_subforum_count":0,"footnotes":""},"categories":[10,11,63,5,4],"tags":[],"class_list":["post-7476","post","type-post","status-publish","format-standard","has-post-thumbnail","hentry","category-1r","category-2n","category-cicle-inicial","category-primaria","category-portada"],"post_mailing_queue_ids":[],"_links":{"self":[{"href":"https:\/\/agora.xtec.cat\/ceipsab\/wp-json\/wp\/v2\/posts\/7476","targetHints":{"allow":["GET"]}}],"collection":[{"href":"https:\/\/agora.xtec.cat\/ceipsab\/wp-json\/wp\/v2\/posts"}],"about":[{"href":"https:\/\/agora.xtec.cat\/ceipsab\/wp-json\/wp\/v2\/types\/post"}],"author":[{"embeddable":true,"href":"https:\/\/agora.xtec.cat\/ceipsab\/wp-json\/wp\/v2\/users\/1"}],"replies":[{"embeddable":true,"href":"https:\/\/agora.xtec.cat\/ceipsab\/wp-json\/wp\/v2\/comments?post=7476"}],"version-history":[{"count":1,"href":"https:\/\/agora.xtec.cat\/ceipsab\/wp-json\/wp\/v2\/posts\/7476\/revisions"}],"predecessor-version":[{"id":7481,"href":"https:\/\/agora.xtec.cat\/ceipsab\/wp-json\/wp\/v2\/posts\/7476\/revisions\/7481"}],"wp:featuredmedia":[{"embeddable":true,"href":"https:\/\/agora.xtec.cat\/ceipsab\/wp-json\/wp\/v2\/media\/7197"}],"wp:attachment":[{"href":"https:\/\/agora.xtec.cat\/ceipsab\/wp-json\/wp\/v2\/media?parent=7476"}],"wp:term":[{"taxonomy":"category","embeddable":true,"href":"https:\/\/agora.xtec.cat\/ceipsab\/wp-json\/wp\/v2\/categories?post=7476"},{"taxonomy":"post_tag","embeddable":true,"href":"https:\/\/agora.xtec.cat\/ceipsab\/wp-json\/wp\/v2\/tags?post=7476"}],"curies":[{"name":"wp","href":"https:\/\/api.w.org\/{rel}","templated":true}]}}