{"id":7454,"date":"2021-03-23T13:09:57","date_gmt":"2021-03-23T12:09:57","guid":{"rendered":"http:\/\/agora.xtec.cat\/ceipsab\/?p=7454"},"modified":"2021-04-06T13:03:04","modified_gmt":"2021-04-06T11:03:04","slug":"bicicletes-a-lescola","status":"publish","type":"post","link":"https:\/\/agora.xtec.cat\/ceipsab\/primaria\/cicle-superior\/5e\/bicicletes-a-lescola\/","title":{"rendered":"Bicicletes a l&#8217;escola"},"content":{"rendered":"<p>Durant aquest trimestre a les classes d\u2019educaci\u00f3 f\u00edsica hem apr\u00e8s com funcionen les bicis i les seves parts. Hem fet recorreguts per tota l\u2019escola en parelles, un anava en bicicleta i l\u2019altre comptava els segons que trigava el ciclista en fer un recorregut i tot aix\u00f2 quedava apuntat en una graella. Ens hem divertit molt amb aquestes activitats podent utilitzar les bicicletes a l\u2019escola.<\/p>\n<p>Aqu\u00ed us deixem unes fotos que hem fet durant les sessions d\u2019educaci\u00f3 f\u00edsica, feu clic a la imatge!<\/p>\n<p>Alumnes de 5\u00e8<\/p>\n<p><a href=\"https:\/\/photos.app.goo.gl\/KfscQpEBjwA9yxmT6\"><img loading=\"lazy\" decoding=\"async\" class=\"wp-image-7455 aligncenter\" src=\"https:\/\/agora.xtec.cat\/ceipsab\/wp-content\/uploads\/usu1011\/2021\/03\/bik-960x1024.jpg\" alt=\"\" width=\"292\" height=\"311\" srcset=\"https:\/\/agora.xtec.cat\/ceipsab\/wp-content\/uploads\/usu1011\/2021\/03\/bik-960x1024.jpg 960w, https:\/\/agora.xtec.cat\/ceipsab\/wp-content\/uploads\/usu1011\/2021\/03\/bik-281x300.jpg 281w, https:\/\/agora.xtec.cat\/ceipsab\/wp-content\/uploads\/usu1011\/2021\/03\/bik-768x820.jpg 768w, https:\/\/agora.xtec.cat\/ceipsab\/wp-content\/uploads\/usu1011\/2021\/03\/bik.jpg 968w\" sizes=\"auto, (max-width: 292px) 100vw, 292px\" \/><\/a><\/p>\n","protected":false},"excerpt":{"rendered":"<p>Durant aquest trimestre a les classes d\u2019educaci\u00f3 f\u00edsica hem apr\u00e8s com funcionen les bicis i les seves parts. Hem fet recorreguts per tota l\u2019escola en parelles, un anava en bicicleta i l\u2019altre comptava els segons que trigava el ciclista en fer un recorregut i tot&hellip;  <a href=\"https:\/\/agora.xtec.cat\/ceipsab\/primaria\/cicle-superior\/5e\/bicicletes-a-lescola\/\" title=\"Read Bicicletes a l&#8217;escola\">Llegeix m\u00e9s\u00bb<\/a><\/p>\n","protected":false},"author":1,"featured_media":7457,"comment_status":"closed","ping_status":"closed","sticky":false,"template":"","format":"standard","meta":{"_bbp_topic_count":0,"_bbp_reply_count":0,"_bbp_total_topic_count":0,"_bbp_total_reply_count":0,"_bbp_voice_count":0,"_bbp_anonymous_reply_count":0,"_bbp_topic_count_hidden":0,"_bbp_reply_count_hidden":0,"_bbp_forum_subforum_count":0,"footnotes":""},"categories":[14,65,66],"tags":[283,206,284,205],"class_list":["post-7454","post","type-post","status-publish","format-standard","has-post-thumbnail","hentry","category-5e","category-cicle-superior","category-educacio-fisica","tag-bicicletes","tag-cicle-superior","tag-cinque","tag-educacio-fisica"],"post_mailing_queue_ids":[],"_links":{"self":[{"href":"https:\/\/agora.xtec.cat\/ceipsab\/wp-json\/wp\/v2\/posts\/7454","targetHints":{"allow":["GET"]}}],"collection":[{"href":"https:\/\/agora.xtec.cat\/ceipsab\/wp-json\/wp\/v2\/posts"}],"about":[{"href":"https:\/\/agora.xtec.cat\/ceipsab\/wp-json\/wp\/v2\/types\/post"}],"author":[{"embeddable":true,"href":"https:\/\/agora.xtec.cat\/ceipsab\/wp-json\/wp\/v2\/users\/1"}],"replies":[{"embeddable":true,"href":"https:\/\/agora.xtec.cat\/ceipsab\/wp-json\/wp\/v2\/comments?post=7454"}],"version-history":[{"count":2,"href":"https:\/\/agora.xtec.cat\/ceipsab\/wp-json\/wp\/v2\/posts\/7454\/revisions"}],"predecessor-version":[{"id":7458,"href":"https:\/\/agora.xtec.cat\/ceipsab\/wp-json\/wp\/v2\/posts\/7454\/revisions\/7458"}],"wp:featuredmedia":[{"embeddable":true,"href":"https:\/\/agora.xtec.cat\/ceipsab\/wp-json\/wp\/v2\/media\/7457"}],"wp:attachment":[{"href":"https:\/\/agora.xtec.cat\/ceipsab\/wp-json\/wp\/v2\/media?parent=7454"}],"wp:term":[{"taxonomy":"category","embeddable":true,"href":"https:\/\/agora.xtec.cat\/ceipsab\/wp-json\/wp\/v2\/categories?post=7454"},{"taxonomy":"post_tag","embeddable":true,"href":"https:\/\/agora.xtec.cat\/ceipsab\/wp-json\/wp\/v2\/tags?post=7454"}],"curies":[{"name":"wp","href":"https:\/\/api.w.org\/{rel}","templated":true}]}}