{"id":7407,"date":"2021-03-15T19:39:17","date_gmt":"2021-03-15T18:39:17","guid":{"rendered":"http:\/\/agora.xtec.cat\/ceipsab\/?p=7407"},"modified":"2021-03-15T19:42:44","modified_gmt":"2021-03-15T18:42:44","slug":"taller-de-matematiques-patrons-i-series","status":"publish","type":"post","link":"https:\/\/agora.xtec.cat\/ceipsab\/educacio-infantil\/p5\/taller-de-matematiques-patrons-i-series\/","title":{"rendered":"TALLER DE MATEM\u00c0TIQUES:  PATRONS I S\u00c8RIES"},"content":{"rendered":"<p><span style=\"font-weight: 400\">I per fi va arribar el dia de celebrar el nostre esmorzar matem\u00e0tic!!!<\/span><\/p>\n<p><span style=\"font-weight: 400\">Calia fer unes broquetes matem\u00e0tiques: primer vam pensar en petits grups totes les possibilitats de patrons diferents que pod\u00edem fer amb tres elements (les nostres fruites de plastilina). I quan ja els ten\u00edem, ho vam posar en com\u00fa entre tots els petits grups. Despr\u00e9s cadasc\u00fa va escollir un patr\u00f3 per a la seva broqueta i el pal que necessitava segons la seva &#8220;gana&#8221; (ten\u00edem tres mides 10, 20 i 30 cm). I finalment vam posar fil a l&#8217;agulla i vam fer la nostra broqueta de &#8220;fruites de plastilina&#8221;<\/span><\/p>\n<p><span style=\"font-weight: 400\">Vam col\u00b7locar les nostres estovalles i&#8230; Bon profit!!!<\/span><\/p>\n<p><a href=\"https:\/\/photos.app.goo.gl\/Q2LTEKH7wLcSh7Ku9\"><img loading=\"lazy\" decoding=\"async\" class=\" wp-image-7408 aligncenter\" src=\"https:\/\/agora.xtec.cat\/ceipsab\/wp-content\/uploads\/usu1011\/2021\/03\/IMG_20210310_103034.jpg\" alt=\"\" width=\"204\" height=\"175\" \/><\/a><\/p>\n","protected":false},"excerpt":{"rendered":"<p>I per fi va arribar el dia de celebrar el nostre esmorzar matem\u00e0tic!!!<br \/>\nCalia fer unes broquetes matem\u00e0tiques: primer vam pensar en petits grups totes les possibilitats de patrons diferents que pod\u00edem fer amb tres elements (les nostres fruites de plastilina). I quan ja els ten\u00edem,&hellip;  <a href=\"https:\/\/agora.xtec.cat\/ceipsab\/educacio-infantil\/p5\/taller-de-matematiques-patrons-i-series\/\" title=\"Read TALLER DE MATEM\u00c0TIQUES:  PATRONS I S\u00c8RIES\">Llegeix m\u00e9s\u00bb<\/a><\/p>\n","protected":false},"author":25,"featured_media":7408,"comment_status":"open","ping_status":"closed","sticky":false,"template":"","format":"standard","meta":{"_bbp_topic_count":0,"_bbp_reply_count":0,"_bbp_total_topic_count":0,"_bbp_total_reply_count":0,"_bbp_voice_count":0,"_bbp_anonymous_reply_count":0,"_bbp_topic_count_hidden":0,"_bbp_reply_count_hidden":0,"_bbp_forum_subforum_count":0,"footnotes":""},"categories":[9],"tags":[],"class_list":["post-7407","post","type-post","status-publish","format-standard","has-post-thumbnail","hentry","category-p5"],"post_mailing_queue_ids":[],"_links":{"self":[{"href":"https:\/\/agora.xtec.cat\/ceipsab\/wp-json\/wp\/v2\/posts\/7407","targetHints":{"allow":["GET"]}}],"collection":[{"href":"https:\/\/agora.xtec.cat\/ceipsab\/wp-json\/wp\/v2\/posts"}],"about":[{"href":"https:\/\/agora.xtec.cat\/ceipsab\/wp-json\/wp\/v2\/types\/post"}],"author":[{"embeddable":true,"href":"https:\/\/agora.xtec.cat\/ceipsab\/wp-json\/wp\/v2\/users\/25"}],"replies":[{"embeddable":true,"href":"https:\/\/agora.xtec.cat\/ceipsab\/wp-json\/wp\/v2\/comments?post=7407"}],"version-history":[{"count":1,"href":"https:\/\/agora.xtec.cat\/ceipsab\/wp-json\/wp\/v2\/posts\/7407\/revisions"}],"predecessor-version":[{"id":7409,"href":"https:\/\/agora.xtec.cat\/ceipsab\/wp-json\/wp\/v2\/posts\/7407\/revisions\/7409"}],"wp:featuredmedia":[{"embeddable":true,"href":"https:\/\/agora.xtec.cat\/ceipsab\/wp-json\/wp\/v2\/media\/7408"}],"wp:attachment":[{"href":"https:\/\/agora.xtec.cat\/ceipsab\/wp-json\/wp\/v2\/media?parent=7407"}],"wp:term":[{"taxonomy":"category","embeddable":true,"href":"https:\/\/agora.xtec.cat\/ceipsab\/wp-json\/wp\/v2\/categories?post=7407"},{"taxonomy":"post_tag","embeddable":true,"href":"https:\/\/agora.xtec.cat\/ceipsab\/wp-json\/wp\/v2\/tags?post=7407"}],"curies":[{"name":"wp","href":"https:\/\/api.w.org\/{rel}","templated":true}]}}