{"id":7404,"date":"2021-03-15T19:35:46","date_gmt":"2021-03-15T18:35:46","guid":{"rendered":"http:\/\/agora.xtec.cat\/ceipsab\/?p=7404"},"modified":"2021-03-15T19:35:46","modified_gmt":"2021-03-15T18:35:46","slug":"taller-de-matematiques-fem-estovalles","status":"publish","type":"post","link":"https:\/\/agora.xtec.cat\/ceipsab\/educacio-infantil\/p5\/taller-de-matematiques-fem-estovalles\/","title":{"rendered":"TALLER DE MATEM\u00c0TIQUES: FEM ESTOVALLES."},"content":{"rendered":"<p><span style=\"font-weight: 400\">El passat 14 de mar\u00e7 va ser el dia mundial de les matem\u00e0tiques i per tal de celebrar-lo els nostres amics els Crics ens van proposar fer un esmorzar matem\u00e0tic.<\/span><\/p>\n<p><span style=\"font-weight: 400\">Per tal de poder organitzar aquest esmorzar primer hav\u00edem de preparar les estovalles que necessitar\u00edem. I a l&#8217;hora de fer-les vam haver de treballar en grup i aplicar molts conceptes matem\u00e0tics: pensar, mesurar l&#8217;amplada, calcular la llargada que necessit\u00e0vem, pensar un patr\u00f3 per a la nostra s\u00e8rie, decorar estampant les cares dels cossos geom\u00e8trics per tal de fer les nostres s\u00e8ries decoratives&#8230;<\/span><\/p>\n<p><a href=\"https:\/\/photos.app.goo.gl\/oi92vLHtGCtu4PNa9\"><img loading=\"lazy\" decoding=\"async\" class=\"wp-image-7405 aligncenter\" src=\"https:\/\/agora.xtec.cat\/ceipsab\/wp-content\/uploads\/usu1011\/2021\/03\/IMG_20210303_100219.jpg\" alt=\"\" width=\"276\" height=\"207\" srcset=\"https:\/\/agora.xtec.cat\/ceipsab\/wp-content\/uploads\/usu1011\/2021\/03\/IMG_20210303_100219.jpg 416w, https:\/\/agora.xtec.cat\/ceipsab\/wp-content\/uploads\/usu1011\/2021\/03\/IMG_20210303_100219-300x225.jpg 300w, https:\/\/agora.xtec.cat\/ceipsab\/wp-content\/uploads\/usu1011\/2021\/03\/IMG_20210303_100219-200x150.jpg 200w\" sizes=\"auto, (max-width: 276px) 100vw, 276px\" \/><\/a><\/p>\n","protected":false},"excerpt":{"rendered":"<p>El passat 14 de mar\u00e7 va ser el dia mundial de les matem\u00e0tiques i per tal de celebrar-lo els nostres amics els Crics ens van proposar fer un esmorzar matem\u00e0tic.<br \/>\nPer tal de poder organitzar aquest esmorzar primer hav\u00edem de preparar les estovalles que necessitar\u00edem. I&hellip;  <a href=\"https:\/\/agora.xtec.cat\/ceipsab\/educacio-infantil\/p5\/taller-de-matematiques-fem-estovalles\/\" title=\"Read TALLER DE MATEM\u00c0TIQUES: FEM ESTOVALLES.\">Llegeix m\u00e9s\u00bb<\/a><\/p>\n","protected":false},"author":25,"featured_media":7405,"comment_status":"open","ping_status":"closed","sticky":false,"template":"","format":"standard","meta":{"_bbp_topic_count":0,"_bbp_reply_count":0,"_bbp_total_topic_count":0,"_bbp_total_reply_count":0,"_bbp_voice_count":0,"_bbp_anonymous_reply_count":0,"_bbp_topic_count_hidden":0,"_bbp_reply_count_hidden":0,"_bbp_forum_subforum_count":0,"footnotes":""},"categories":[9],"tags":[],"class_list":["post-7404","post","type-post","status-publish","format-standard","has-post-thumbnail","hentry","category-p5"],"post_mailing_queue_ids":[],"_links":{"self":[{"href":"https:\/\/agora.xtec.cat\/ceipsab\/wp-json\/wp\/v2\/posts\/7404","targetHints":{"allow":["GET"]}}],"collection":[{"href":"https:\/\/agora.xtec.cat\/ceipsab\/wp-json\/wp\/v2\/posts"}],"about":[{"href":"https:\/\/agora.xtec.cat\/ceipsab\/wp-json\/wp\/v2\/types\/post"}],"author":[{"embeddable":true,"href":"https:\/\/agora.xtec.cat\/ceipsab\/wp-json\/wp\/v2\/users\/25"}],"replies":[{"embeddable":true,"href":"https:\/\/agora.xtec.cat\/ceipsab\/wp-json\/wp\/v2\/comments?post=7404"}],"version-history":[{"count":1,"href":"https:\/\/agora.xtec.cat\/ceipsab\/wp-json\/wp\/v2\/posts\/7404\/revisions"}],"predecessor-version":[{"id":7406,"href":"https:\/\/agora.xtec.cat\/ceipsab\/wp-json\/wp\/v2\/posts\/7404\/revisions\/7406"}],"wp:featuredmedia":[{"embeddable":true,"href":"https:\/\/agora.xtec.cat\/ceipsab\/wp-json\/wp\/v2\/media\/7405"}],"wp:attachment":[{"href":"https:\/\/agora.xtec.cat\/ceipsab\/wp-json\/wp\/v2\/media?parent=7404"}],"wp:term":[{"taxonomy":"category","embeddable":true,"href":"https:\/\/agora.xtec.cat\/ceipsab\/wp-json\/wp\/v2\/categories?post=7404"},{"taxonomy":"post_tag","embeddable":true,"href":"https:\/\/agora.xtec.cat\/ceipsab\/wp-json\/wp\/v2\/tags?post=7404"}],"curies":[{"name":"wp","href":"https:\/\/api.w.org\/{rel}","templated":true}]}}