{"id":7373,"date":"2021-03-13T19:02:27","date_gmt":"2021-03-13T18:02:27","guid":{"rendered":"http:\/\/agora.xtec.cat\/ceipsab\/?p=7373"},"modified":"2021-03-16T20:25:12","modified_gmt":"2021-03-16T19:25:12","slug":"poema-dhivern-i-endevinalla-dhivern","status":"publish","type":"post","link":"https:\/\/agora.xtec.cat\/ceipsab\/educacio-infantil\/p5\/poema-dhivern-i-endevinalla-dhivern\/","title":{"rendered":"POEMA D&#8217;HIVERN I ENDEVINALLA D&#8217;HIVERN"},"content":{"rendered":"<p><span style=\"font-weight: 400;\">Hola, fam\u00edlies!!<\/span><\/p>\n<p><span style=\"font-weight: 400;\">Continuant amb la tem\u00e0tica d\u2019hivern estem treballant a classe un poema d\u2019hivern. Primer hem pensat quines paraules podien sortir en el poema hivern i entre tots i totes les hem escrit en una llista per a despr\u00e9s de llegir-lo poder comprovar si aquestes sortien o no.\u00a0<\/span><\/p>\n<p><span style=\"font-weight: 400;\">Hem fet la lectura estrofa a estrofa, primer llegint les paraules m\u00e9s importants i despr\u00e9s trobant als versos les paraules conegudes o curtes.\u00a0<\/span><\/p>\n<p><span style=\"font-weight: 400;\">Entre tots junts i per estrofes hem pogut llegir un poema ben llarg!!!<\/span><\/p>\n<p>&nbsp;<\/p>\n<p><span style=\"font-weight: 400;\">Tamb\u00e9 he llegit una endevinalla d\u2019hivern, seguint la mateixa estrat\u00e8gia: primer buscant paraules que ja coneixem i tamb\u00e9 paraules curtes i despr\u00e9s llegint entre tots i totes. Finalment, hem pensat la soluci\u00f3 a\u00a0 l\u2019endevinalla.<\/span><\/p>\n<p>&nbsp;<\/p>\n<p><a href=\"https:\/\/photos.app.goo.gl\/rpuvbC1Gz3wqTVyo9\"><img loading=\"lazy\" decoding=\"async\" class=\"alignnone size-medium wp-image-7374\" src=\"https:\/\/agora.xtec.cat\/ceipsab\/wp-content\/uploads\/usu1011\/2021\/03\/poema-200x300.jpg\" alt=\"\" width=\"200\" height=\"300\" srcset=\"https:\/\/agora.xtec.cat\/ceipsab\/wp-content\/uploads\/usu1011\/2021\/03\/poema-200x300.jpg 200w, https:\/\/agora.xtec.cat\/ceipsab\/wp-content\/uploads\/usu1011\/2021\/03\/poema.jpg 421w\" sizes=\"auto, (max-width: 200px) 100vw, 200px\" \/><\/a><\/p>\n","protected":false},"excerpt":{"rendered":"<p>Hola, fam\u00edlies!!<br \/>\nContinuant amb la tem\u00e0tica d\u2019hivern estem treballant a classe un poema d\u2019hivern. Primer hem pensat quines paraules podien sortir en el poema hivern i entre tots i totes les hem escrit en una llista per a despr\u00e9s de llegir-lo poder comprovar si aquestes sortien&hellip;  <a href=\"https:\/\/agora.xtec.cat\/ceipsab\/educacio-infantil\/p5\/poema-dhivern-i-endevinalla-dhivern\/\" title=\"Read POEMA D&#8217;HIVERN I ENDEVINALLA D&#8217;HIVERN\">Llegeix m\u00e9s\u00bb<\/a><\/p>\n","protected":false},"author":7,"featured_media":7374,"comment_status":"open","ping_status":"closed","sticky":false,"template":"","format":"standard","meta":{"_bbp_topic_count":0,"_bbp_reply_count":0,"_bbp_total_topic_count":0,"_bbp_total_reply_count":0,"_bbp_voice_count":0,"_bbp_anonymous_reply_count":0,"_bbp_topic_count_hidden":0,"_bbp_reply_count_hidden":0,"_bbp_forum_subforum_count":0,"footnotes":""},"categories":[62,9],"tags":[282,263,279,226,255],"class_list":["post-7373","post","type-post","status-publish","format-standard","has-post-thumbnail","hentry","category-educacio-infantil","category-p5","tag-endevinalla","tag-hivern","tag-llengua","tag-p5","tag-poema"],"post_mailing_queue_ids":[],"_links":{"self":[{"href":"https:\/\/agora.xtec.cat\/ceipsab\/wp-json\/wp\/v2\/posts\/7373","targetHints":{"allow":["GET"]}}],"collection":[{"href":"https:\/\/agora.xtec.cat\/ceipsab\/wp-json\/wp\/v2\/posts"}],"about":[{"href":"https:\/\/agora.xtec.cat\/ceipsab\/wp-json\/wp\/v2\/types\/post"}],"author":[{"embeddable":true,"href":"https:\/\/agora.xtec.cat\/ceipsab\/wp-json\/wp\/v2\/users\/7"}],"replies":[{"embeddable":true,"href":"https:\/\/agora.xtec.cat\/ceipsab\/wp-json\/wp\/v2\/comments?post=7373"}],"version-history":[{"count":2,"href":"https:\/\/agora.xtec.cat\/ceipsab\/wp-json\/wp\/v2\/posts\/7373\/revisions"}],"predecessor-version":[{"id":7419,"href":"https:\/\/agora.xtec.cat\/ceipsab\/wp-json\/wp\/v2\/posts\/7373\/revisions\/7419"}],"wp:featuredmedia":[{"embeddable":true,"href":"https:\/\/agora.xtec.cat\/ceipsab\/wp-json\/wp\/v2\/media\/7374"}],"wp:attachment":[{"href":"https:\/\/agora.xtec.cat\/ceipsab\/wp-json\/wp\/v2\/media?parent=7373"}],"wp:term":[{"taxonomy":"category","embeddable":true,"href":"https:\/\/agora.xtec.cat\/ceipsab\/wp-json\/wp\/v2\/categories?post=7373"},{"taxonomy":"post_tag","embeddable":true,"href":"https:\/\/agora.xtec.cat\/ceipsab\/wp-json\/wp\/v2\/tags?post=7373"}],"curies":[{"name":"wp","href":"https:\/\/api.w.org\/{rel}","templated":true}]}}