{"id":7296,"date":"2021-03-09T20:53:12","date_gmt":"2021-03-09T19:53:12","guid":{"rendered":"http:\/\/agora.xtec.cat\/ceipsab\/?p=7296"},"modified":"2021-03-09T20:53:12","modified_gmt":"2021-03-09T19:53:12","slug":"larbre-a-lhivern-p5","status":"publish","type":"post","link":"https:\/\/agora.xtec.cat\/ceipsab\/educacio-infantil\/p5\/larbre-a-lhivern-p5\/","title":{"rendered":"L&#8217;ARBRE A L&#8217;HIVERN P5"},"content":{"rendered":"<p><span style=\"font-weight: 400;\">I com ja hem canviat d&#8217;estaci\u00f3, ara toca fer el nostre arbre (a partir del contorn del nostre bra\u00e7 i la nostra m\u00e0) per\u00f2 en un ambient d&#8217;hivern.<\/span><\/p>\n<p><a href=\"https:\/\/photos.app.goo.gl\/GjjHh6qALKo3fPDj6\"><img loading=\"lazy\" decoding=\"async\" class=\"alignnone size-medium wp-image-7297\" src=\"https:\/\/agora.xtec.cat\/ceipsab\/wp-content\/uploads\/usu1011\/2021\/03\/AR-167x300.jpg\" alt=\"\" width=\"167\" height=\"300\" srcset=\"https:\/\/agora.xtec.cat\/ceipsab\/wp-content\/uploads\/usu1011\/2021\/03\/AR-167x300.jpg 167w, https:\/\/agora.xtec.cat\/ceipsab\/wp-content\/uploads\/usu1011\/2021\/03\/AR.jpg 193w\" sizes=\"auto, (max-width: 167px) 100vw, 167px\" \/><\/a><\/p>\n","protected":false},"excerpt":{"rendered":"<p>I com ja hem canviat d&#8217;estaci\u00f3, ara toca fer el nostre arbre (a partir del contorn del nostre bra\u00e7 i la nostra m\u00e0) per\u00f2 en un ambient d&#8217;hivern.<br \/>\n<a href=\"https:\/\/photos.app.goo.gl\/GjjHh6qALKo3fPDj6\"><\/a><\/p>\n","protected":false},"author":7,"featured_media":7297,"comment_status":"open","ping_status":"closed","sticky":false,"template":"","format":"standard","meta":{"_bbp_topic_count":0,"_bbp_reply_count":0,"_bbp_total_topic_count":0,"_bbp_total_reply_count":0,"_bbp_voice_count":0,"_bbp_anonymous_reply_count":0,"_bbp_topic_count_hidden":0,"_bbp_reply_count_hidden":0,"_bbp_forum_subforum_count":0,"footnotes":""},"categories":[9],"tags":[272,263,226,265,17],"class_list":["post-7296","post","type-post","status-publish","format-standard","has-post-thumbnail","hentry","category-p5","tag-estacions","tag-hivern","tag-p5","tag-pintura","tag-plastica"],"post_mailing_queue_ids":[],"_links":{"self":[{"href":"https:\/\/agora.xtec.cat\/ceipsab\/wp-json\/wp\/v2\/posts\/7296","targetHints":{"allow":["GET"]}}],"collection":[{"href":"https:\/\/agora.xtec.cat\/ceipsab\/wp-json\/wp\/v2\/posts"}],"about":[{"href":"https:\/\/agora.xtec.cat\/ceipsab\/wp-json\/wp\/v2\/types\/post"}],"author":[{"embeddable":true,"href":"https:\/\/agora.xtec.cat\/ceipsab\/wp-json\/wp\/v2\/users\/7"}],"replies":[{"embeddable":true,"href":"https:\/\/agora.xtec.cat\/ceipsab\/wp-json\/wp\/v2\/comments?post=7296"}],"version-history":[{"count":2,"href":"https:\/\/agora.xtec.cat\/ceipsab\/wp-json\/wp\/v2\/posts\/7296\/revisions"}],"predecessor-version":[{"id":7299,"href":"https:\/\/agora.xtec.cat\/ceipsab\/wp-json\/wp\/v2\/posts\/7296\/revisions\/7299"}],"wp:featuredmedia":[{"embeddable":true,"href":"https:\/\/agora.xtec.cat\/ceipsab\/wp-json\/wp\/v2\/media\/7297"}],"wp:attachment":[{"href":"https:\/\/agora.xtec.cat\/ceipsab\/wp-json\/wp\/v2\/media?parent=7296"}],"wp:term":[{"taxonomy":"category","embeddable":true,"href":"https:\/\/agora.xtec.cat\/ceipsab\/wp-json\/wp\/v2\/categories?post=7296"},{"taxonomy":"post_tag","embeddable":true,"href":"https:\/\/agora.xtec.cat\/ceipsab\/wp-json\/wp\/v2\/tags?post=7296"}],"curies":[{"name":"wp","href":"https:\/\/api.w.org\/{rel}","templated":true}]}}