{"id":7291,"date":"2021-03-09T20:44:47","date_gmt":"2021-03-09T19:44:47","guid":{"rendered":"http:\/\/agora.xtec.cat\/ceipsab\/?p=7291"},"modified":"2021-03-09T20:44:47","modified_gmt":"2021-03-09T19:44:47","slug":"pintem-la-pluja","status":"publish","type":"post","link":"https:\/\/agora.xtec.cat\/ceipsab\/educacio-infantil\/p5\/pintem-la-pluja\/","title":{"rendered":"PINTEM LA PLUJA"},"content":{"rendered":"<p><span style=\"font-weight: 400;\">Aquests dies hem fet dues obres d&#8217;arts inspirades en la pluja que ens visita al llarg de l&#8217;hivern, fent servir diferents t\u00e8cniques pl\u00e0stiques.<\/span><\/p>\n<p><span style=\"font-weight: 400;\">En la primera creaci\u00f3, hem dibuixat amb cera blanca la pluja i despr\u00e9s al pintar amb pintura aigualida per sobre, ha tornat a apar\u00e8ixer el nostre dibuix.\u00a0<\/span><\/p>\n<p><a href=\"https:\/\/photos.app.goo.gl\/SCh4j569rkeCHWbUA\"><img loading=\"lazy\" decoding=\"async\" class=\"alignnone size-medium wp-image-7292\" src=\"https:\/\/agora.xtec.cat\/ceipsab\/wp-content\/uploads\/usu1011\/2021\/03\/plu-295x300.jpg\" alt=\"\" width=\"295\" height=\"300\" srcset=\"https:\/\/agora.xtec.cat\/ceipsab\/wp-content\/uploads\/usu1011\/2021\/03\/plu-295x300.jpg 295w, https:\/\/agora.xtec.cat\/ceipsab\/wp-content\/uploads\/usu1011\/2021\/03\/plu-768x781.jpg 768w, https:\/\/agora.xtec.cat\/ceipsab\/wp-content\/uploads\/usu1011\/2021\/03\/plu-1007x1024.jpg 1007w, https:\/\/agora.xtec.cat\/ceipsab\/wp-content\/uploads\/usu1011\/2021\/03\/plu.jpg 1167w\" sizes=\"auto, (max-width: 295px) 100vw, 295px\" \/><\/a><\/p>\n<p><span style=\"font-weight: 400;\">En la segona, hem representat la pluja amb regalims de pintura fets amb les gotetes que repartiem amb una pipeta.<\/span><\/p>\n<p><a href=\"https:\/\/photos.app.goo.gl\/Qob77cLnHVp3MsR97\"><img loading=\"lazy\" decoding=\"async\" class=\"alignnone size-medium wp-image-7293\" src=\"https:\/\/agora.xtec.cat\/ceipsab\/wp-content\/uploads\/usu1011\/2021\/03\/PLU2-300x190.jpg\" alt=\"\" width=\"300\" height=\"190\" srcset=\"https:\/\/agora.xtec.cat\/ceipsab\/wp-content\/uploads\/usu1011\/2021\/03\/PLU2-300x190.jpg 300w, https:\/\/agora.xtec.cat\/ceipsab\/wp-content\/uploads\/usu1011\/2021\/03\/PLU2-768x486.jpg 768w, https:\/\/agora.xtec.cat\/ceipsab\/wp-content\/uploads\/usu1011\/2021\/03\/PLU2-1024x649.jpg 1024w, https:\/\/agora.xtec.cat\/ceipsab\/wp-content\/uploads\/usu1011\/2021\/03\/PLU2.jpg 1290w\" sizes=\"auto, (max-width: 300px) 100vw, 300px\" \/><\/a><\/p>\n<p>&nbsp;<\/p>\n","protected":false},"excerpt":{"rendered":"<p>Aquests dies hem fet dues obres d&#8217;arts inspirades en la pluja que ens visita al llarg de l&#8217;hivern, fent servir diferents t\u00e8cniques pl\u00e0stiques.<br \/>\nEn la primera creaci\u00f3, hem dibuixat amb cera blanca la pluja i despr\u00e9s al pintar amb pintura aigualida per sobre, ha tornat a&hellip;  <a href=\"https:\/\/agora.xtec.cat\/ceipsab\/educacio-infantil\/p5\/pintem-la-pluja\/\" title=\"Read PINTEM LA PLUJA\">Llegeix m\u00e9s\u00bb<\/a><\/p>\n","protected":false},"author":7,"featured_media":7293,"comment_status":"open","ping_status":"closed","sticky":false,"template":"","format":"standard","meta":{"_bbp_topic_count":0,"_bbp_reply_count":0,"_bbp_total_topic_count":0,"_bbp_total_reply_count":0,"_bbp_voice_count":0,"_bbp_anonymous_reply_count":0,"_bbp_topic_count_hidden":0,"_bbp_reply_count_hidden":0,"_bbp_forum_subforum_count":0,"footnotes":""},"categories":[9],"tags":[272,263,226,265,17],"class_list":["post-7291","post","type-post","status-publish","format-standard","has-post-thumbnail","hentry","category-p5","tag-estacions","tag-hivern","tag-p5","tag-pintura","tag-plastica"],"post_mailing_queue_ids":[],"_links":{"self":[{"href":"https:\/\/agora.xtec.cat\/ceipsab\/wp-json\/wp\/v2\/posts\/7291","targetHints":{"allow":["GET"]}}],"collection":[{"href":"https:\/\/agora.xtec.cat\/ceipsab\/wp-json\/wp\/v2\/posts"}],"about":[{"href":"https:\/\/agora.xtec.cat\/ceipsab\/wp-json\/wp\/v2\/types\/post"}],"author":[{"embeddable":true,"href":"https:\/\/agora.xtec.cat\/ceipsab\/wp-json\/wp\/v2\/users\/7"}],"replies":[{"embeddable":true,"href":"https:\/\/agora.xtec.cat\/ceipsab\/wp-json\/wp\/v2\/comments?post=7291"}],"version-history":[{"count":2,"href":"https:\/\/agora.xtec.cat\/ceipsab\/wp-json\/wp\/v2\/posts\/7291\/revisions"}],"predecessor-version":[{"id":7295,"href":"https:\/\/agora.xtec.cat\/ceipsab\/wp-json\/wp\/v2\/posts\/7291\/revisions\/7295"}],"wp:featuredmedia":[{"embeddable":true,"href":"https:\/\/agora.xtec.cat\/ceipsab\/wp-json\/wp\/v2\/media\/7293"}],"wp:attachment":[{"href":"https:\/\/agora.xtec.cat\/ceipsab\/wp-json\/wp\/v2\/media?parent=7291"}],"wp:term":[{"taxonomy":"category","embeddable":true,"href":"https:\/\/agora.xtec.cat\/ceipsab\/wp-json\/wp\/v2\/categories?post=7291"},{"taxonomy":"post_tag","embeddable":true,"href":"https:\/\/agora.xtec.cat\/ceipsab\/wp-json\/wp\/v2\/tags?post=7291"}],"curies":[{"name":"wp","href":"https:\/\/api.w.org\/{rel}","templated":true}]}}