{"id":7225,"date":"2021-03-01T14:13:21","date_gmt":"2021-03-01T13:13:21","guid":{"rendered":"http:\/\/agora.xtec.cat\/ceipsab\/?p=7225"},"modified":"2021-04-25T18:49:26","modified_gmt":"2021-04-25T16:49:26","slug":"portes-obertes-2021","status":"publish","type":"post","link":"https:\/\/agora.xtec.cat\/ceipsab\/portada\/portes-obertes-2021\/","title":{"rendered":"PORTES OBERTES 2021"},"content":{"rendered":"<p>Estimades fam\u00edlies,<\/p>\n<p><span style=\"font-weight: 400;\">Un any m\u00e9s obrim l&#8217;escola perqu\u00e8 ens visiteu!\u00a0 A conseq\u00fc\u00e8ncia de la situaci\u00f3 epidemiol\u00f2gica actual i per tal garantir la seguretat de tots i totes, les jornades de portes obertes es realitzaran de manera virtual.<\/span><\/p>\n<p><span style=\"font-weight: 400;\">Per poder familiaritzar-vos amb les nostres instal\u00b7lacions, metodologia, con\u00e8ixer el nostre dia a dia i saber molt m\u00e9s de l&#8217;Escola Sant Andreu de la Barca, teniu aqu\u00ed a sota un pdf en el qual clicant en els t\u00edtols s&#8217;obrir\u00e0 un enlla\u00e7 dels muntatges de v\u00eddeo que us hem preparat. Us proposem un ordre per tal que no us perdeu res.<\/span><\/p>\n<p><span style=\"color: #ff0000;\"><strong>CLICA LA IMATGE\u00a0<\/strong><\/span><\/p>\n<p><a href=\"https:\/\/agora.xtec.cat\/ceipsab\/wp-content\/uploads\/usu1011\/2021\/03\/Portes-Obertes-2021.pdf\" target=\"_blank\" rel=\"noopener noreferrer\"><img loading=\"lazy\" decoding=\"async\" class=\"aligncenter wp-image-7238 size-large\" src=\"https:\/\/agora.xtec.cat\/ceipsab\/wp-content\/uploads\/usu1011\/2021\/03\/pdf-1024x558.png\" alt=\"\" width=\"1024\" height=\"558\" srcset=\"https:\/\/agora.xtec.cat\/ceipsab\/wp-content\/uploads\/usu1011\/2021\/03\/pdf-1024x558.png 1024w, https:\/\/agora.xtec.cat\/ceipsab\/wp-content\/uploads\/usu1011\/2021\/03\/pdf-300x164.png 300w, https:\/\/agora.xtec.cat\/ceipsab\/wp-content\/uploads\/usu1011\/2021\/03\/pdf-768x419.png 768w, https:\/\/agora.xtec.cat\/ceipsab\/wp-content\/uploads\/usu1011\/2021\/03\/pdf.png 1530w\" sizes=\"auto, (max-width: 1024px) 100vw, 1024px\" \/><\/a><\/p>\n<p><a href=\"https:\/\/agora.xtec.cat\/ceipsab\/wp-content\/uploads\/usu1011\/2021\/03\/Tr\u00edptic-Portes-Obertes-EI.pdf\"><span style=\"font-weight: 400;\">Tr\u00edptic Educaci\u00f3 Infantil<\/span><\/a><\/p>\n<p><a href=\"https:\/\/agora.xtec.cat\/ceipsab\/wp-content\/uploads\/usu1011\/2021\/03\/Triptic-Sant-Andreu-Prim\u00e0ria-2021.pdf\"><span style=\"font-weight: 400;\">Tr\u00edptic Prim\u00e0ria<\/span><\/a><\/p>\n<p>Per a dubtes podeu enviar un correu a <strong>escolasantandreudelabarca@esab.cat<\/strong><\/p>\n<p>O trucant al tel\u00e8fon <strong>93 682 83 44<\/strong>.<\/p>\n<p>Gr\u00e0cies per confiar en nosaltres.<\/p>\n","protected":false},"excerpt":{"rendered":"<p>Estimades fam\u00edlies,<br \/>\nUn any m\u00e9s obrim l&#8217;escola perqu\u00e8 ens visiteu!\u00a0 A conseq\u00fc\u00e8ncia de la situaci\u00f3 epidemiol\u00f2gica actual i per tal garantir la seguretat de tots i totes, les jornades de portes obertes es realitzaran de manera virtual.<br \/>\nPer poder familiaritzar-vos amb les nostres instal\u00b7lacions, metodologia, con\u00e8ixer el&hellip;  <a href=\"https:\/\/agora.xtec.cat\/ceipsab\/portada\/portes-obertes-2021\/\" title=\"Read PORTES OBERTES 2021\">Llegeix m\u00e9s\u00bb<\/a><\/p>\n","protected":false},"author":3,"featured_media":7227,"comment_status":"open","ping_status":"closed","sticky":false,"template":"","format":"standard","meta":{"_bbp_topic_count":0,"_bbp_reply_count":0,"_bbp_total_topic_count":0,"_bbp_total_reply_count":0,"_bbp_voice_count":0,"_bbp_anonymous_reply_count":0,"_bbp_topic_count_hidden":0,"_bbp_reply_count_hidden":0,"_bbp_forum_subforum_count":0,"footnotes":""},"categories":[4],"tags":[269],"class_list":["post-7225","post","type-post","status-publish","format-standard","has-post-thumbnail","hentry","category-portada","tag-portes-obertes"],"post_mailing_queue_ids":[],"_links":{"self":[{"href":"https:\/\/agora.xtec.cat\/ceipsab\/wp-json\/wp\/v2\/posts\/7225","targetHints":{"allow":["GET"]}}],"collection":[{"href":"https:\/\/agora.xtec.cat\/ceipsab\/wp-json\/wp\/v2\/posts"}],"about":[{"href":"https:\/\/agora.xtec.cat\/ceipsab\/wp-json\/wp\/v2\/types\/post"}],"author":[{"embeddable":true,"href":"https:\/\/agora.xtec.cat\/ceipsab\/wp-json\/wp\/v2\/users\/3"}],"replies":[{"embeddable":true,"href":"https:\/\/agora.xtec.cat\/ceipsab\/wp-json\/wp\/v2\/comments?post=7225"}],"version-history":[{"count":4,"href":"https:\/\/agora.xtec.cat\/ceipsab\/wp-json\/wp\/v2\/posts\/7225\/revisions"}],"predecessor-version":[{"id":7267,"href":"https:\/\/agora.xtec.cat\/ceipsab\/wp-json\/wp\/v2\/posts\/7225\/revisions\/7267"}],"wp:featuredmedia":[{"embeddable":true,"href":"https:\/\/agora.xtec.cat\/ceipsab\/wp-json\/wp\/v2\/media\/7227"}],"wp:attachment":[{"href":"https:\/\/agora.xtec.cat\/ceipsab\/wp-json\/wp\/v2\/media?parent=7225"}],"wp:term":[{"taxonomy":"category","embeddable":true,"href":"https:\/\/agora.xtec.cat\/ceipsab\/wp-json\/wp\/v2\/categories?post=7225"},{"taxonomy":"post_tag","embeddable":true,"href":"https:\/\/agora.xtec.cat\/ceipsab\/wp-json\/wp\/v2\/tags?post=7225"}],"curies":[{"name":"wp","href":"https:\/\/api.w.org\/{rel}","templated":true}]}}