{"id":7223,"date":"2021-03-01T14:10:41","date_gmt":"2021-03-01T13:10:41","guid":{"rendered":"http:\/\/agora.xtec.cat\/ceipsab\/?p=7223"},"modified":"2021-04-26T10:08:50","modified_gmt":"2021-04-26T08:08:50","slug":"preinscripcio-curs-2021-2022-informacio-i-dates-importants","status":"publish","type":"post","link":"https:\/\/agora.xtec.cat\/ceipsab\/portada\/preinscripcio-curs-2021-2022-informacio-i-dates-importants\/","title":{"rendered":"PREINSCRIPCI\u00d3 CURS 2021-2022 &#8211; INFORMACI\u00d3 I DATES IMPORTANTS"},"content":{"rendered":"<p>Benvolgudes fam\u00edlies,<\/p>\n<p><span style=\"font-weight: 400;\">La preinscripci\u00f3 \u00e9s el tr\u00e0mit que cal fer per ser adm\u00e8s per primera vegada en qualsevol centre p\u00fablic i quan es vol canviar de centre. Els alumnes que continuen escolaritzats en el mateix centre no han de participar en el proc\u00e9s de preinscripci\u00f3.<\/span><\/p>\n<p><span style=\"font-weight: 400;\">Per fer la preinscripci\u00f3 cal:<\/span><\/p>\n<ul>\n<li style=\"font-weight: 400;\" aria-level=\"1\"><span style=\"font-weight: 400;\">Con\u00e8ixer el<\/span><a href=\"https:\/\/preinscripcio.gencat.cat\/ca\/estudis\/infantil-3-6\/informat\/calendari\/\"> <span style=\"font-weight: 400;\">calendari<\/span><\/a><span style=\"font-weight: 400;\"> del proc\u00e9s. Preinscripci\u00f3 de 15 de 24 de mar\u00e7.<\/span><\/li>\n<li style=\"font-weight: 400;\" aria-level=\"1\"><span style=\"font-weight: 400;\">Con\u00e8ixer els<\/span><a href=\"https:\/\/preinscripcio.gencat.cat\/ca\/estudis\/infantil-3-6\/informat\/criteris-assignacio\/\"> <span style=\"font-weight: 400;\">criteris de prioritat<\/span><\/a><span style=\"font-weight: 400;\"> amb qu\u00e8 s&#8217;ordenen les sol\u00b7licituds (i la documentaci\u00f3 que els acredita),<\/span><\/li>\n<li style=\"font-weight: 400;\" aria-level=\"1\"><a href=\"https:\/\/agora.xtec.cat\/ceipsab\/wp-content\/uploads\/usu1011\/2021\/02\/MAPA_-PREINSCRIPCI%C3%93.pdf\"><span style=\"font-weight: 400;\">Mapa d\u2019influ\u00e8ncia.\u00a0 \u00a0La zona B color rosa.<\/span><\/a><\/li>\n<li style=\"font-weight: 400;\" aria-level=\"1\"><span style=\"font-weight: 400;\">Presentar la sol\u00b7licitud i la <\/span><a href=\"https:\/\/preinscripcio.gencat.cat\/ca\/estudis\/infantil-3-6\/informat\/prepara-documentacio\/\"><span style=\"font-weight: 400;\">documentaci\u00f3<\/span><\/a><span style=\"font-weight: 400;\"> (nom\u00e9s una sol\u00b7licitud per alumne en qu\u00e8 constin els diversos centres per ordre de prefer\u00e8ncia),<\/span><\/li>\n<li style=\"font-weight: 400;\" aria-level=\"1\"><span style=\"font-weight: 400;\">Consultar els resultats de la preinscripci\u00f3 quan es publiquin el llistat amb la puntuaci\u00f3 provisional i, posteriorment, el llistat amb la puntuaci\u00f3 definitiva un cop resoltes les reclamacions.<\/span><\/li>\n<li style=\"font-weight: 400;\" aria-level=\"1\"><span style=\"font-weight: 400;\">Consultar el centre assignat i fer la matr\u00edcula.<\/span><\/li>\n<\/ul>\n<p><span style=\"font-weight: 400;\">Enguany la sol\u00b7licitud de <strong>preinscripci\u00f3 \u00e9s electr\u00f2nica<\/strong> i es pot fer des de qualsevol ordinador, tauleta o m\u00f2bil amb connexi\u00f3 a Internet, accedint al web <\/span><a href=\"http:\/\/preinscripcio.gencat.cat\/\"><span style=\"font-weight: 400;\">http:\/\/preinscripcio.gencat.cat<\/span><\/a><span style=\"font-weight: 400;\">.\u00a0<\/span><\/p>\n<p>https:\/\/youtu.be\/OuhbC06EQSs<\/p>\n<p>Per a dubtes podeu enviar un correu a <strong>escolasantandreudelabarca@esab.cat<\/strong><\/p>\n<p>O trucant al tel\u00e8fon <strong>93 682 83 44<\/strong>.<\/p>\n<p>Gr\u00e0cies per confiar en nosaltres.<\/p>\n","protected":false},"excerpt":{"rendered":"<p>Benvolgudes fam\u00edlies,<br \/>\nLa preinscripci\u00f3 \u00e9s el tr\u00e0mit que cal fer per ser adm\u00e8s per primera vegada en qualsevol centre p\u00fablic i quan es vol canviar de centre. Els alumnes que continuen escolaritzats en el mateix centre no han de participar en el proc\u00e9s de preinscripci\u00f3.<br \/>\nPer fer&hellip;  <a href=\"https:\/\/agora.xtec.cat\/ceipsab\/portada\/preinscripcio-curs-2021-2022-informacio-i-dates-importants\/\" title=\"Read PREINSCRIPCI\u00d3 CURS 2021-2022 &#8211; INFORMACI\u00d3 I DATES IMPORTANTS\">Llegeix m\u00e9s\u00bb<\/a><\/p>\n","protected":false},"author":3,"featured_media":7399,"comment_status":"open","ping_status":"closed","sticky":false,"template":"","format":"standard","meta":{"_bbp_topic_count":0,"_bbp_reply_count":0,"_bbp_total_topic_count":0,"_bbp_total_reply_count":0,"_bbp_voice_count":0,"_bbp_anonymous_reply_count":0,"_bbp_topic_count_hidden":0,"_bbp_reply_count_hidden":0,"_bbp_forum_subforum_count":0,"footnotes":""},"categories":[4],"tags":[269],"class_list":["post-7223","post","type-post","status-publish","format-standard","has-post-thumbnail","hentry","category-portada","tag-portes-obertes"],"post_mailing_queue_ids":[],"_links":{"self":[{"href":"https:\/\/agora.xtec.cat\/ceipsab\/wp-json\/wp\/v2\/posts\/7223","targetHints":{"allow":["GET"]}}],"collection":[{"href":"https:\/\/agora.xtec.cat\/ceipsab\/wp-json\/wp\/v2\/posts"}],"about":[{"href":"https:\/\/agora.xtec.cat\/ceipsab\/wp-json\/wp\/v2\/types\/post"}],"author":[{"embeddable":true,"href":"https:\/\/agora.xtec.cat\/ceipsab\/wp-json\/wp\/v2\/users\/3"}],"replies":[{"embeddable":true,"href":"https:\/\/agora.xtec.cat\/ceipsab\/wp-json\/wp\/v2\/comments?post=7223"}],"version-history":[{"count":3,"href":"https:\/\/agora.xtec.cat\/ceipsab\/wp-json\/wp\/v2\/posts\/7223\/revisions"}],"predecessor-version":[{"id":7398,"href":"https:\/\/agora.xtec.cat\/ceipsab\/wp-json\/wp\/v2\/posts\/7223\/revisions\/7398"}],"wp:featuredmedia":[{"embeddable":true,"href":"https:\/\/agora.xtec.cat\/ceipsab\/wp-json\/wp\/v2\/media\/7399"}],"wp:attachment":[{"href":"https:\/\/agora.xtec.cat\/ceipsab\/wp-json\/wp\/v2\/media?parent=7223"}],"wp:term":[{"taxonomy":"category","embeddable":true,"href":"https:\/\/agora.xtec.cat\/ceipsab\/wp-json\/wp\/v2\/categories?post=7223"},{"taxonomy":"post_tag","embeddable":true,"href":"https:\/\/agora.xtec.cat\/ceipsab\/wp-json\/wp\/v2\/tags?post=7223"}],"curies":[{"name":"wp","href":"https:\/\/api.w.org\/{rel}","templated":true}]}}