{"id":7183,"date":"2021-02-19T12:22:19","date_gmt":"2021-02-19T11:22:19","guid":{"rendered":"http:\/\/agora.xtec.cat\/ceipsab\/?p=7183"},"modified":"2021-02-26T12:16:33","modified_gmt":"2021-02-26T11:16:33","slug":"treballem-joan-miro","status":"publish","type":"post","link":"https:\/\/agora.xtec.cat\/ceipsab\/educacio-infantil\/p3\/treballem-joan-miro\/","title":{"rendered":"TREBALLEM JOAN MIR\u00d3"},"content":{"rendered":"<p>Hola fam\u00edlies!<\/p>\n<p>Els nens i nenes de P3 hem comen\u00e7at a treballar a l&#8217;artista Joan Mir\u00f3! Estem aprenent moltes coses ( els seus colors preferits, quins estris feia servir per pintar&#8230;. i fins i tot ens hem atrevit a fer la nostra pr\u00f2pia reproducci\u00f3 de dos dels seus quadres.<\/p>\n<p>Us els deixem aqu\u00ed perqu\u00e8 pugueu veure que b\u00e9 que ho hem fet! Estem fets uns artistes!<\/p>\n<p><img loading=\"lazy\" decoding=\"async\" class=\"\" src=\"https:\/\/visitmuseum.gencat.cat\/media\/cache\/1140x684\/uploads\/objects\/photos\/56ab94d20712b_l-or-de-l-atzur-joan-miro-1967.jpeg\" alt=\"Resultado de imagen de or de l'atzur\" width=\"203\" height=\"239\" \/> <img loading=\"lazy\" decoding=\"async\" class=\"\" src=\"https:\/\/m.media-amazon.com\/images\/I\/31NANOLauZL._AC_.jpg\" alt=\"Resultado de imagen de blau II\" width=\"303\" height=\"212\" \/><\/p>\n<p>Or de l&#8217;Atzur\u00a0 ( Joan Mir\u00f3 1967)\u00a0 \u00a0 \u00a0 \u00a0 \u00a0 \u00a0 Blau II ( Joan Mir\u00f3 1961)<\/p>\n<p>&nbsp;<\/p>\n<p>P3 A ( Cliqueu a la imatge per veure m\u00e9s fotografies)<\/p>\n<p><a href=\"https:\/\/photos.app.goo.gl\/fN2h78dxwLevuBYH6\"><img loading=\"lazy\" decoding=\"async\" class=\"\" src=\"https:\/\/lh3.googleusercontent.com\/itFtHvKebSwon20T704jb1BOhSv17f63TBcir8ocUCwjxdqjKU8TEdAQR1pzhhiKiRgXv-Gk8A12GKWi-AyAzf5vZTl56FW3kPjBbJLoE432GwL__hAN7xAWcZ83VXNij9mX0yanmERVzkaAE7_--KfT1Ca6moMrO3Z_MZbuD_fP8XO6mCtPzCo85uid4Xtv1MWSZ4LLwO17Fur3qb9RtSAK-kMeyiV0X_kdOWm68IjlwOMZLDZyws2vJuzvZaecILh-XngB3nzo--q5JcG-AXt-Pj03rbJjDJ7JjUE9uIpaetvWuJSrrcViwcFmWdYw8KvVtxWEKr4dovnJmu7BgTSOu2SVVT_yq8hp7S9x6kZ1MZJ0bOXy_3TGQMGwYFcO8Q1EYp6uoqf4F9-au0oSmkvy3C0a8pavHbkxUIyBWVWy2knUOIUjqVO83ZZ4rq-zKOuMfTi4Y3RacgOTrI0_TmrS2oUCTCNvxifTCoqfij6O1iPPVQ9v4boUk_Tg28u8kfAAKllUYnrtFcrNTi5AnKjLwQkZTn8r_8AgiKd91gIxLKdQhHIBCDkVAvDNb2RT7DGU76pSzN5NH9x1OGz55Rwh--XTlOmG0N5zD2uncZHrK5JiUgZc_gsbouKeW0W2ysTPvn4W7egrqgVjcCcYl0UK9uDi1JI3cQ_11_JkdIo83ZQ2a0gs7-qEX3YU3g=w1157-h867-no?authuser=2\" width=\"301\" height=\"226\" \/><\/a><\/p>\n<p><a href=\"https:\/\/photos.app.goo.gl\/Eh7UcVZ4EF3FyiFi8\"><img loading=\"lazy\" decoding=\"async\" class=\"\" src=\"https:\/\/lh3.googleusercontent.com\/i0m8ub846Mz1ZHwjCchHBOljLSQXhQE6CO_b-45yeFTo_mEpACpGCJLiTk3V-2T9BhaODxPG4EvETyWT3xaghO9lIcLqLkzcAKGkiwPVvouj_VSTsz_RCjFazPqyhORirWpWxgK5LPn868PtGyik-S5KAkX4s4p4fCnFKjVjzxXKs8NeldkoGmMlCKKCYmq0OTeTuu3QQ7j-_mCewW0CmIyI2V5823zXOjOdprbIurw1SYhgQODmcwDGHO9sjaohXmrkgzi-5NwaTG9XwpWG7GvXyTvCVrb7Tta7ofQ2bzAxOMT9zG5digEqT2V_xsUKva3L7YiNgDCJji3sIefufWujNcQr-XZa-wNUMZ5e38ycwA-4F26He0B1bpsWR_P-yvlk8YLSdZ0yfXnuZJI1s7KHq553W996X1kk-H4GJPT5mcXQrbw3J3gIFOksXs5F8zpFKXExnFnZzORg5OTWV-bUjmxd91J4G0ZxREO7povyg2z7Lt9VUuzHfmzPoJlXOZil5xhTBjZjqEIXCht6LiLJq7xEy0h4VS4wn0YQEcxtYs0w_Qz6AAG1QLKQmi0QuW_UHIFZfI0RYxieQRbBCJ1jbrlsiOSLOzx_bokv3oznsltJv_oMEmRXpqyk03GiAPX-Wh0KbvUMbPE_JOAJI-MsNBy7JDX1zWLZ-4O_Na-spmWmrXilAWe3fJJ2gg=w1157-h867-no?authuser=2\" width=\"306\" height=\"229\" \/><\/a><\/p>\n<p>P3B\u00a0 ( Cliqueu a la imatge per veure m\u00e9s fotografies)<\/p>\n<p><a href=\"https:\/\/photos.app.goo.gl\/CcnMtS1U6X4rV9238\"><img loading=\"lazy\" decoding=\"async\" class=\"\" src=\"https:\/\/lh3.googleusercontent.com\/ruyMN_XuetzUgH1buhqP8Qz39qvAoqTxc06lUihT6ybhFjyky-p_GR7d9W_jLscdwo-pdczCO9wtEpEUJJUyyQvV0BqwYEo9D6gki7o-LrLahwQPzvHK3phG-ZEGRRb4S4zygvDLwf2_AX2DekAyEr2X172NK7WS4bDemw8qtQnBxZq4WNpW5LSwoJpqMVFfcba-n-rG5jNm1fRMQfSp_h3xL8XS5a6SsIjWCFzaIUrBrHgYgweV2d4MZHv7z6XwOCo8ViOhCq0ouJ_mGc16BKwK_beutKG9PTgojSxGYkkpTHvD49-B36AH2piCnmZGCFnC5GJkGaQHoEA1u5Wf3mjIi27sEEQC4KUl3Ifh7ALG8vkiX_KH50Ick22MoSfYBgzIrlEom5Slb4RD3FprcZjfSFIXzgKKSUAE6rkR48iWkmjv4ukWbhDj0CRZSL3ebK2LmVCf4F0CLVW1nyfGYUf-ZB302jHz7UrWuOUScewdFqt7iLGuv0lEEWSHUwPuI4sEoSTCQ_Y7NJW-BbJaXyakUEDUS37yuBNv4A-mS_s0ls1CoWynzR1R_HpezOvxri7m5C0OarXG3anQCyRfrT_eo9D3-RCdH3rMpQMN-iKc5a5kCrWP4VyBz6adkpeCwx8J1aMUCxni-fPRvgUtdpekfPkqvQnwFRJjBGQ5NPt96f27jITOex5jSlVV8g=w1157-h867-no?authuser=2\" width=\"276\" height=\"207\" \/><\/a><\/p>\n<p><a href=\"https:\/\/photos.app.goo.gl\/amW5cvvKHQundCPF6\"><img loading=\"lazy\" decoding=\"async\" class=\"\" src=\"https:\/\/lh3.googleusercontent.com\/pw\/ACtC-3c_DZ6paayAm9MHOHGPnk1YMCnJcW-u6q5VTVvvHYHiVp-m84ZNYMWcc9D1qAmWY1CEpQin5sxkP1HMHFwCNDkpiTmzTkhQZmuJ_HiX8SupnSF6wk9Qr3rk6OXHeL2wrwh7VTbUpxtnWVA4SmyWX1Gs=w1157-h867-no?authuser=2\" width=\"346\" height=\"259\" \/><\/a><\/p>\n","protected":false},"excerpt":{"rendered":"<p>Hola fam\u00edlies!<br \/>\nEls nens i nenes de P3 hem comen\u00e7at a treballar a l&#8217;artista Joan Mir\u00f3! Estem aprenent moltes coses ( els seus colors preferits, quins estris feia servir per pintar&#8230;. i fins i tot ens hem atrevit a fer la nostra pr\u00f2pia reproducci\u00f3 de dos&hellip;  <a href=\"https:\/\/agora.xtec.cat\/ceipsab\/educacio-infantil\/p3\/treballem-joan-miro\/\" title=\"Read TREBALLEM JOAN MIR\u00d3\">Llegeix m\u00e9s\u00bb<\/a><\/p>\n","protected":false},"author":1,"featured_media":0,"comment_status":"open","ping_status":"closed","sticky":false,"template":"","format":"standard","meta":{"_bbp_topic_count":0,"_bbp_reply_count":0,"_bbp_total_topic_count":0,"_bbp_total_reply_count":0,"_bbp_voice_count":0,"_bbp_anonymous_reply_count":0,"_bbp_topic_count_hidden":0,"_bbp_reply_count_hidden":0,"_bbp_forum_subforum_count":0,"footnotes":""},"categories":[62,3],"tags":[],"class_list":["post-7183","post","type-post","status-publish","format-standard","hentry","category-educacio-infantil","category-p3"],"post_mailing_queue_ids":[],"_links":{"self":[{"href":"https:\/\/agora.xtec.cat\/ceipsab\/wp-json\/wp\/v2\/posts\/7183","targetHints":{"allow":["GET"]}}],"collection":[{"href":"https:\/\/agora.xtec.cat\/ceipsab\/wp-json\/wp\/v2\/posts"}],"about":[{"href":"https:\/\/agora.xtec.cat\/ceipsab\/wp-json\/wp\/v2\/types\/post"}],"author":[{"embeddable":true,"href":"https:\/\/agora.xtec.cat\/ceipsab\/wp-json\/wp\/v2\/users\/1"}],"replies":[{"embeddable":true,"href":"https:\/\/agora.xtec.cat\/ceipsab\/wp-json\/wp\/v2\/comments?post=7183"}],"version-history":[{"count":4,"href":"https:\/\/agora.xtec.cat\/ceipsab\/wp-json\/wp\/v2\/posts\/7183\/revisions"}],"predecessor-version":[{"id":7204,"href":"https:\/\/agora.xtec.cat\/ceipsab\/wp-json\/wp\/v2\/posts\/7183\/revisions\/7204"}],"wp:attachment":[{"href":"https:\/\/agora.xtec.cat\/ceipsab\/wp-json\/wp\/v2\/media?parent=7183"}],"wp:term":[{"taxonomy":"category","embeddable":true,"href":"https:\/\/agora.xtec.cat\/ceipsab\/wp-json\/wp\/v2\/categories?post=7183"},{"taxonomy":"post_tag","embeddable":true,"href":"https:\/\/agora.xtec.cat\/ceipsab\/wp-json\/wp\/v2\/tags?post=7183"}],"curies":[{"name":"wp","href":"https:\/\/api.w.org\/{rel}","templated":true}]}}