{"id":7181,"date":"2021-02-19T12:11:50","date_gmt":"2021-02-19T11:11:50","guid":{"rendered":"http:\/\/agora.xtec.cat\/ceipsab\/?p=7181"},"modified":"2021-02-19T12:11:50","modified_gmt":"2021-02-19T11:11:50","slug":"setmana-carnestoltes","status":"publish","type":"post","link":"https:\/\/agora.xtec.cat\/ceipsab\/educacio-infantil\/p5\/general\/setmana-carnestoltes\/","title":{"rendered":"SETMANA CARNESTOLTES"},"content":{"rendered":"<p>Hola fam\u00edlies!<\/p>\n<p>La setmana passada va ser una setmana molt divertida! Vam celebrar el Carnestoltes!<\/p>\n<p>Els nens i nenes de P3 vam seguir molt b\u00e9 totes les consignes que ens va demanar el Rei Carnestoltes! ( El pijama, la roba dels pares, el pentinat divertit&#8230;. i fins i tot&#8230; vam venir un dia vestits de color vermell!!)<\/p>\n<p>Cada mat\u00ed, quan arrib\u00e0vem a la classe, sa Majestat el Rei dels Pocasoltes ens havia fet una broma divertida! ( Les cadires desendre\u00e7ades, les bates lligades, les safates de colors escampades per tota la classe&#8230;.. dimarts fins i tot ens vam trobar tota la classe embolicada de paper de v\u00e0ter! Ens ho vam passar molt b\u00e9!)<\/p>\n<p>Voleu veure les imatges?<\/p>\n<p>P3 A( Cliqueu a la imatge per veure m\u00e9s fotografies)<\/p>\n<p><a href=\"https:\/\/photos.app.goo.gl\/trwsUtq5g5uhp7v58\"><img loading=\"lazy\" decoding=\"async\" class=\"\" src=\"https:\/\/lh3.googleusercontent.com\/6usTknSFp1fP77S2xoeyFuBqUZVgf_LMcNNlM0wo54me7TccC_azHGQXubWDM4bjIeP6-Zz0lrSOn2qYKMvLZQQahxpr4HhUTpYn3JUg533tFEUcz6tocCCJsw10cJRDPYJTs1goBdpU1zgXK85w1VtSol66LYs8Vq0_S4St11a36cHHKCZh5L9tA-TQIaYBteTQyh3TH_xEVPR8zQu09kg5p17dcnhryu3qbt6piDUS1YBTWg6W1Ftk3jc-ISIsVF6Y4W0r6HppFEGQ6RXjOHpb_oVxn7oWGIFSD1SIWTRQkS9MtUHy_JFAAv0UfNndRj5J-liMKAEEzpVaLetKBQp07Cxm4FS77D0cS2MgJmvB-l5AGoP0B2Sx-TxeT5mVEv71Sej7i4tuqc1WJxiQmIiz_9EVOmLHFKCtgptWuBcZ8s5a9PCMiExEHGgx1TWnWw0PT83eOn61i92bpT1HWshuoBESX5tPZBdZCPnSgWcWz9Da9pikUUkqH4Ucv9CXwx7H4XhaPQakHL7TLlbF0H9qvTd6kRXSnNp-PonpPvNNT0hHNcmjstFvL6XnFULsTNVGzgr2jZ2qyhkslmbRStG6IvOC1K8NMdDSXm6lFBVXnpZviqOGf4D_flXhYuPW82ffAwKVpVf0krfc8kukWYE_M1IDnsyRuHHD3HsMlm0hRL4QlF49nA24D3It8w=w1157-h867-no?authuser=2\" width=\"417\" height=\"313\" \/><\/a><\/p>\n<p>P3B ( Cliqueu a la imatge per veure m\u00e9s fotografies)<\/p>\n<p><a href=\"https:\/\/photos.app.goo.gl\/PbfLJ4usu29taDuA6\"><img loading=\"lazy\" decoding=\"async\" class=\"\" src=\"https:\/\/lh3.googleusercontent.com\/SAgXtUYtH9Oj7cqCX9QQ9b0wFSV6GXs0nBjMvj-DtY9EU8cbPgyQObxeO1ltOVdG3h2LKIisn0TplwA87D9S_xkuKU8sWU3Zy3HfTlxDMbP9gWYPL8H5568W9tfl1n_4DaZg5Uma3-83sOqPmPTnUzJ6vrIvPW1UCzFtlJ2VdYtGX4aZlC5kzPsk0T-ha6xriEtg1nEf0g2k7Ws6LOPyJl4KcZLImMMdjNBskVREYeBR-rfdFg00k7JIrebOV3RpVlNaw2P5fEFkbyneBRqU9hVZ9OR3gax1G5NSkGrMOmq5zrWb1ZZcIwOdEYEkVS0ThCLz4nGKBE8-5OidRNcDO4FtAP4C_2oPaOpoguXjc8ZHxRUhZuMR2NN8ze5JJCeW59K5k0nsN47raKVLrM6kjQhjIHXpbV-AUtVYcqzjvtTD6K888DeRnW-ktGPkqFZ2uVuihhJqy3zTSkcM0KMHuj06_h-HLI5O7HDw7WgXmaNKaTzbEh46ECfI8SbtGb01UUy5jWJ79KLBjFuVbaYIm0GAx4akI12eg6X9Oz7wHIF7LemYPZDXYTKbdTIYhguFQ89lYpLNfDwDdcUdXum7nl2flKSwCUNjuvV84QhCEm8Ktljvq-k-n7rVxS2hABGlSoMyhEtOmnY3RpMyTFnVSmfmPFpRwjzLHsOZWRVUYfh0bvfJ0AmOSjmOAGGhqA=w1157-h867-no?authuser=2\" width=\"391\" height=\"293\" \/><\/a><\/p>\n<p>&nbsp;<\/p>\n","protected":false},"excerpt":{"rendered":"<p>Hola fam\u00edlies!<br \/>\nLa setmana passada va ser una setmana molt divertida! Vam celebrar el Carnestoltes!<br \/>\nEls nens i nenes de P3 vam seguir molt b\u00e9 totes les consignes que ens va demanar el Rei Carnestoltes! ( El pijama, la roba dels pares, el pentinat divertit&#8230;. i fins&hellip;  <a href=\"https:\/\/agora.xtec.cat\/ceipsab\/educacio-infantil\/p5\/general\/setmana-carnestoltes\/\" title=\"Read SETMANA CARNESTOLTES\">Llegeix m\u00e9s\u00bb<\/a><\/p>\n","protected":false},"author":1,"featured_media":0,"comment_status":"open","ping_status":"closed","sticky":false,"template":"","format":"standard","meta":{"_bbp_topic_count":0,"_bbp_reply_count":0,"_bbp_total_topic_count":0,"_bbp_total_reply_count":0,"_bbp_voice_count":0,"_bbp_anonymous_reply_count":0,"_bbp_topic_count_hidden":0,"_bbp_reply_count_hidden":0,"_bbp_forum_subforum_count":0,"footnotes":""},"categories":[1],"tags":[],"class_list":["post-7181","post","type-post","status-publish","format-standard","hentry","category-general"],"post_mailing_queue_ids":[],"_links":{"self":[{"href":"https:\/\/agora.xtec.cat\/ceipsab\/wp-json\/wp\/v2\/posts\/7181","targetHints":{"allow":["GET"]}}],"collection":[{"href":"https:\/\/agora.xtec.cat\/ceipsab\/wp-json\/wp\/v2\/posts"}],"about":[{"href":"https:\/\/agora.xtec.cat\/ceipsab\/wp-json\/wp\/v2\/types\/post"}],"author":[{"embeddable":true,"href":"https:\/\/agora.xtec.cat\/ceipsab\/wp-json\/wp\/v2\/users\/1"}],"replies":[{"embeddable":true,"href":"https:\/\/agora.xtec.cat\/ceipsab\/wp-json\/wp\/v2\/comments?post=7181"}],"version-history":[{"count":1,"href":"https:\/\/agora.xtec.cat\/ceipsab\/wp-json\/wp\/v2\/posts\/7181\/revisions"}],"predecessor-version":[{"id":7182,"href":"https:\/\/agora.xtec.cat\/ceipsab\/wp-json\/wp\/v2\/posts\/7181\/revisions\/7182"}],"wp:attachment":[{"href":"https:\/\/agora.xtec.cat\/ceipsab\/wp-json\/wp\/v2\/media?parent=7181"}],"wp:term":[{"taxonomy":"category","embeddable":true,"href":"https:\/\/agora.xtec.cat\/ceipsab\/wp-json\/wp\/v2\/categories?post=7181"},{"taxonomy":"post_tag","embeddable":true,"href":"https:\/\/agora.xtec.cat\/ceipsab\/wp-json\/wp\/v2\/tags?post=7181"}],"curies":[{"name":"wp","href":"https:\/\/api.w.org\/{rel}","templated":true}]}}