{"id":7165,"date":"2021-02-17T15:04:41","date_gmt":"2021-02-17T14:04:41","guid":{"rendered":"http:\/\/agora.xtec.cat\/ceipsab\/?p=7165"},"modified":"2021-02-17T15:04:41","modified_gmt":"2021-02-17T14:04:41","slug":"aprenem-moltissim-amb-en-pep-llop","status":"publish","type":"post","link":"https:\/\/agora.xtec.cat\/ceipsab\/primaria\/aprenem-moltissim-amb-en-pep-llop\/","title":{"rendered":"APRENEM MOLT\u00cdSSIM AMB EN PEP LLOP"},"content":{"rendered":"<p>Hola a tothom! L&#8217;alumnat de 4t hem estat treballant durant un mes com \u00e9s la vida per les persones amb ceguesa o baixa visi\u00f3. Com a culminaci\u00f3 del projecte, hem rebut la visita i la classe magistral d&#8217;en Pep Llop, un home ben reconegut per ser un dels primers en lluitar pels drets de les persones cegues i per desenvolupar una carrera pol\u00edtico-laboral molt important.<\/p>\n<p>Us deixem algunes imatges per tal que veieu com ens ha anat amb ell.<\/p>\n<p><a href=\"https:\/\/photos.app.goo.gl\/2EjbmJbsHvB2SA3s8\"><img loading=\"lazy\" decoding=\"async\" class=\"alignnone size-full wp-image-7166\" src=\"https:\/\/agora.xtec.cat\/ceipsab\/wp-content\/uploads\/usu1011\/2021\/02\/baixa.jpg\" alt=\"\" width=\"225\" height=\"225\" srcset=\"https:\/\/agora.xtec.cat\/ceipsab\/wp-content\/uploads\/usu1011\/2021\/02\/baixa.jpg 225w, https:\/\/agora.xtec.cat\/ceipsab\/wp-content\/uploads\/usu1011\/2021\/02\/baixa-150x150.jpg 150w\" sizes=\"auto, (max-width: 225px) 100vw, 225px\" \/><\/a><\/p>\n","protected":false},"excerpt":{"rendered":"<p>Hola a tothom! L&#8217;alumnat de 4t hem estat treballant durant un mes com \u00e9s la vida per les persones amb ceguesa o baixa visi\u00f3. Com a culminaci\u00f3 del projecte, hem rebut la visita i la classe magistral d&#8217;en Pep Llop, un home ben reconegut per&hellip;  <a href=\"https:\/\/agora.xtec.cat\/ceipsab\/primaria\/aprenem-moltissim-amb-en-pep-llop\/\" title=\"Read APRENEM MOLT\u00cdSSIM AMB EN PEP LLOP\">Llegeix m\u00e9s\u00bb<\/a><\/p>\n","protected":false},"author":1,"featured_media":7166,"comment_status":"open","ping_status":"closed","sticky":false,"template":"","format":"standard","meta":{"_bbp_topic_count":0,"_bbp_reply_count":0,"_bbp_total_topic_count":0,"_bbp_total_reply_count":0,"_bbp_voice_count":0,"_bbp_anonymous_reply_count":0,"_bbp_topic_count_hidden":0,"_bbp_reply_count_hidden":0,"_bbp_forum_subforum_count":0,"footnotes":""},"categories":[13,64,5],"tags":[96,260,262,261],"class_list":["post-7165","post","type-post","status-publish","format-standard","has-post-thumbnail","hentry","category-4t","category-cicle-mitja","category-primaria","tag-4t","tag-ceguesa","tag-pepllop","tag-valors"],"post_mailing_queue_ids":[],"_links":{"self":[{"href":"https:\/\/agora.xtec.cat\/ceipsab\/wp-json\/wp\/v2\/posts\/7165","targetHints":{"allow":["GET"]}}],"collection":[{"href":"https:\/\/agora.xtec.cat\/ceipsab\/wp-json\/wp\/v2\/posts"}],"about":[{"href":"https:\/\/agora.xtec.cat\/ceipsab\/wp-json\/wp\/v2\/types\/post"}],"author":[{"embeddable":true,"href":"https:\/\/agora.xtec.cat\/ceipsab\/wp-json\/wp\/v2\/users\/1"}],"replies":[{"embeddable":true,"href":"https:\/\/agora.xtec.cat\/ceipsab\/wp-json\/wp\/v2\/comments?post=7165"}],"version-history":[{"count":1,"href":"https:\/\/agora.xtec.cat\/ceipsab\/wp-json\/wp\/v2\/posts\/7165\/revisions"}],"predecessor-version":[{"id":7167,"href":"https:\/\/agora.xtec.cat\/ceipsab\/wp-json\/wp\/v2\/posts\/7165\/revisions\/7167"}],"wp:featuredmedia":[{"embeddable":true,"href":"https:\/\/agora.xtec.cat\/ceipsab\/wp-json\/wp\/v2\/media\/7166"}],"wp:attachment":[{"href":"https:\/\/agora.xtec.cat\/ceipsab\/wp-json\/wp\/v2\/media?parent=7165"}],"wp:term":[{"taxonomy":"category","embeddable":true,"href":"https:\/\/agora.xtec.cat\/ceipsab\/wp-json\/wp\/v2\/categories?post=7165"},{"taxonomy":"post_tag","embeddable":true,"href":"https:\/\/agora.xtec.cat\/ceipsab\/wp-json\/wp\/v2\/tags?post=7165"}],"curies":[{"name":"wp","href":"https:\/\/api.w.org\/{rel}","templated":true}]}}