{"id":7142,"date":"2021-02-16T11:33:48","date_gmt":"2021-02-16T10:33:48","guid":{"rendered":"http:\/\/agora.xtec.cat\/ceipsab\/?p=7142"},"modified":"2021-02-16T11:33:48","modified_gmt":"2021-02-16T10:33:48","slug":"p4-celebrem-el-carnaval","status":"publish","type":"post","link":"https:\/\/agora.xtec.cat\/ceipsab\/educacio-infantil\/p4\/p4-celebrem-el-carnaval\/","title":{"rendered":"P4 CELEBREM EL CARNAVAL"},"content":{"rendered":"<p>Hola fam\u00edlies.<\/p>\n<p>Aquest any els nens i nenes de P4 hem gaudit d&#8217;un Carnaval ben divertit. Vam anar a rebre al Rei Carnestoltes amb unes m\u00e0scares ben originals i durant tota la setmana vam seguir les consignes que ens havia dit. L&#8217;\u00faltim dia vam ballar d&#8217;all\u00f2 m\u00e9s b\u00e9 i tamb\u00e9 ens vam divertir al pati. Aqu\u00ed teniu les fotos..<a href=\"https:\/\/photos.app.goo.gl\/W8eqEkQaRYzxYf1L8\"><img loading=\"lazy\" decoding=\"async\" class=\"wp-image-7079 alignleft\" src=\"https:\/\/agora.xtec.cat\/ceipsab\/wp-content\/uploads\/usu1011\/2021\/01\/dd.jpg\" alt=\"\" width=\"289\" height=\"192\" \/><\/a><\/p>\n","protected":false},"excerpt":{"rendered":"<p>Hola fam\u00edlies.<br \/>\nAquest any els nens i nenes de P4 hem gaudit d&#8217;un Carnaval ben divertit. Vam anar a rebre al Rei Carnestoltes amb unes m\u00e0scares ben originals i durant tota la setmana vam seguir les consignes que ens havia dit. L&#8217;\u00faltim dia vam ballar d&#8217;all\u00f2&hellip;  <a href=\"https:\/\/agora.xtec.cat\/ceipsab\/educacio-infantil\/p4\/p4-celebrem-el-carnaval\/\" title=\"Read P4 CELEBREM EL CARNAVAL\">Llegeix m\u00e9s\u00bb<\/a><\/p>\n","protected":false},"author":48,"featured_media":7079,"comment_status":"open","ping_status":"closed","sticky":false,"template":"","format":"standard","meta":{"_bbp_topic_count":0,"_bbp_reply_count":0,"_bbp_total_topic_count":0,"_bbp_total_reply_count":0,"_bbp_voice_count":0,"_bbp_anonymous_reply_count":0,"_bbp_topic_count_hidden":0,"_bbp_reply_count_hidden":0,"_bbp_forum_subforum_count":0,"footnotes":""},"categories":[62,8],"tags":[],"class_list":["post-7142","post","type-post","status-publish","format-standard","has-post-thumbnail","hentry","category-educacio-infantil","category-p4"],"post_mailing_queue_ids":[],"_links":{"self":[{"href":"https:\/\/agora.xtec.cat\/ceipsab\/wp-json\/wp\/v2\/posts\/7142","targetHints":{"allow":["GET"]}}],"collection":[{"href":"https:\/\/agora.xtec.cat\/ceipsab\/wp-json\/wp\/v2\/posts"}],"about":[{"href":"https:\/\/agora.xtec.cat\/ceipsab\/wp-json\/wp\/v2\/types\/post"}],"author":[{"embeddable":true,"href":"https:\/\/agora.xtec.cat\/ceipsab\/wp-json\/wp\/v2\/users\/48"}],"replies":[{"embeddable":true,"href":"https:\/\/agora.xtec.cat\/ceipsab\/wp-json\/wp\/v2\/comments?post=7142"}],"version-history":[{"count":2,"href":"https:\/\/agora.xtec.cat\/ceipsab\/wp-json\/wp\/v2\/posts\/7142\/revisions"}],"predecessor-version":[{"id":7145,"href":"https:\/\/agora.xtec.cat\/ceipsab\/wp-json\/wp\/v2\/posts\/7142\/revisions\/7145"}],"wp:featuredmedia":[{"embeddable":true,"href":"https:\/\/agora.xtec.cat\/ceipsab\/wp-json\/wp\/v2\/media\/7079"}],"wp:attachment":[{"href":"https:\/\/agora.xtec.cat\/ceipsab\/wp-json\/wp\/v2\/media?parent=7142"}],"wp:term":[{"taxonomy":"category","embeddable":true,"href":"https:\/\/agora.xtec.cat\/ceipsab\/wp-json\/wp\/v2\/categories?post=7142"},{"taxonomy":"post_tag","embeddable":true,"href":"https:\/\/agora.xtec.cat\/ceipsab\/wp-json\/wp\/v2\/tags?post=7142"}],"curies":[{"name":"wp","href":"https:\/\/api.w.org\/{rel}","templated":true}]}}