{"id":7124,"date":"2021-02-10T21:08:26","date_gmt":"2021-02-10T20:08:26","guid":{"rendered":"http:\/\/agora.xtec.cat\/ceipsab\/?p=7124"},"modified":"2021-02-10T21:08:26","modified_gmt":"2021-02-10T20:08:26","slug":"la-granja-ens-visita","status":"publish","type":"post","link":"https:\/\/agora.xtec.cat\/ceipsab\/educacio-infantil\/p3\/la-granja-ens-visita\/","title":{"rendered":"LA GRANJA ENS VISITA!"},"content":{"rendered":"<p>Hola fam\u00edlies!<\/p>\n<p>El passat divendres 5 de febrer els nens i nenes de P3 vam fer un Taller de Granja a l&#8217;escola.<\/p>\n<p>Vam aprendre moltes coses dels animals de granja i fins i tot en vam poder agafar alguns com ara el gall i la gallina, els conills.. i fins i tot l&#8217;ovella!<\/p>\n<p>Ens ho vam passar d&#8217;all\u00f2 m\u00e9s b\u00e9! Ens voleu veure?<\/p>\n<p>P3A <em>(Cliqueu per veure m\u00e9s fotografies)<\/em><\/p>\n<p><a href=\"https:\/\/photos.app.goo.gl\/bWBf7b7ZfevTtwR26\"><img loading=\"lazy\" decoding=\"async\" class=\"\" src=\"https:\/\/lh3.googleusercontent.com\/bspGO26ReRuepTL_NLJhP_jWnmfD8dCq7rDiNVxIKAcUJHwHKYj96nGC8sUHpaM0qrXFK-Cxw0r_sRGaYwA2h8cz8a_Nr-l3RpVwxlUw4HIi-KLoFvavQo25PPOK4oE5743KZchLnrrkPpaWlOjIaQup9TuCDCH7H3cTybsETnYuIR0Ldga5ttIofE66noLinFlRg7mz3q3GKLJBJPeTbB99wo96S_xipGvWNFYDx14g2gtLeQXi9lDLxWodQwV4XEkYbTAh4XsDV6N7VUIgBERp0-AP6MBzacY8jmW4WgcMnjklaw4pwZxfkFenDBXfPxwi6H-9Gx6vJgzN0LMSGFpOzyvnTFCI7tgjGmYVJVsrYY8EbXeA5ItkWFGOKiupA796FzZOrqAuY64zpoS8qppiAfdPFt2K6nSjNwTxbUxqv2T60flHmeigg0ARsYyDkHpUgd_ozEBsT3wmeN3qFYI6i85T1KOoU1WbDjV8YzjqXmr3mS5WRZZyFv1swXr40rJVYZcopU6AUNjwHulB8w-2h2_hmAVRNk97L8Q3VaDNdghFI0-FkMWMFdXieCtTg4J_G7d0WPBojAdL20q8WghoiypB7M2S2zVR1rUTIasysHt8MyPzuvoN--RvbNwQGHBY2u60yzzY4g_NDcucq4WikuuIbMfuVvNADYruuYO5AV6DDGLzAQqtdiaP=w876-h657-no?authuser=2\" width=\"340\" height=\"255\" \/><\/a><\/p>\n<p>P3B <em>(Cliqueu per veure m\u00e9s fotografies)<\/em><\/p>\n<p><a href=\"https:\/\/photos.app.goo.gl\/Upb98tjtJxNcjiG47\"><img loading=\"lazy\" decoding=\"async\" class=\"\" src=\"https:\/\/lh3.googleusercontent.com\/RxVRB7zmjUMz9ROUB9gz_IHQqq_kbwnnGAhBE5NstOAkxrePx9Wp3IrngX0qHh0d5syxTN9NBMUA9atsPen3hf4Q1i4Mls7Pg4D4ePpqMb3LON4d8hW7DIJ9xqtW3kowpGE7gEWUxWZoGMfPkFv7kRdta8XFBJ37X7kFUF7lE_8VCjnbJ_GkHtflge44-r56PdKW-EEMSPijpu_SQL_yh2D9ty_oTt5FrtTw_N18fiEfrzP4nl1inVN_2XG4dhoDzyn-VAnKok9RotrNYmnDtkBLjlxNcd-wNqQtA8zwaP1f_UmBUfxX0dEuZyFTiZsLWVeWzgrNTRiFK4BBDanWJbj-bJux1M7dl7lP2SgiQ1eCW4Xf2g1IHwSEGelNSbkHH92yjOyySjAt0pZjOhFTVHXbcPvlD8JtHQ5SU8xc5F6OG7tpQJVSg0cukutmowATvVnpjjwL8o3IcaaK5VSJUmKwNWzPV1Lx3LmY5lh3jNcoXeifwgmQG-XTgezm607PO2QG1IC-123-TTl9bScDe7i39Tv67NRrtD5tw24e9gmc8vVYjyIyYh3gjgPnTfogUhLDNMXFHWzjoLbzKhiOP2iGmOwQydI_tdTYiCGaXelLV799ZL8Tvl4ka-QJA19TUAhhHKFVSyKY5Tpf1bSsRRTlYUeEQofH63meTnpokG-1rz4l6lShPmTQVpc6=w876-h657-no?authuser=2\" width=\"346\" height=\"259\" \/><\/a><\/p>\n","protected":false},"excerpt":{"rendered":"<p>Hola fam\u00edlies!<br \/>\nEl passat divendres 5 de febrer els nens i nenes de P3 vam fer un Taller de Granja a l&#8217;escola.<br \/>\nVam aprendre moltes coses dels animals de granja i fins i tot en vam poder agafar alguns com ara el gall i la gallina, els&hellip;  <a href=\"https:\/\/agora.xtec.cat\/ceipsab\/educacio-infantil\/p3\/la-granja-ens-visita\/\" title=\"Read LA GRANJA ENS VISITA!\">Llegeix m\u00e9s\u00bb<\/a><\/p>\n","protected":false},"author":1,"featured_media":0,"comment_status":"open","ping_status":"closed","sticky":false,"template":"","format":"standard","meta":{"_bbp_topic_count":0,"_bbp_reply_count":0,"_bbp_total_topic_count":0,"_bbp_total_reply_count":0,"_bbp_voice_count":0,"_bbp_anonymous_reply_count":0,"_bbp_topic_count_hidden":0,"_bbp_reply_count_hidden":0,"_bbp_forum_subforum_count":0,"footnotes":""},"categories":[62,3],"tags":[],"class_list":["post-7124","post","type-post","status-publish","format-standard","hentry","category-educacio-infantil","category-p3"],"post_mailing_queue_ids":[],"_links":{"self":[{"href":"https:\/\/agora.xtec.cat\/ceipsab\/wp-json\/wp\/v2\/posts\/7124","targetHints":{"allow":["GET"]}}],"collection":[{"href":"https:\/\/agora.xtec.cat\/ceipsab\/wp-json\/wp\/v2\/posts"}],"about":[{"href":"https:\/\/agora.xtec.cat\/ceipsab\/wp-json\/wp\/v2\/types\/post"}],"author":[{"embeddable":true,"href":"https:\/\/agora.xtec.cat\/ceipsab\/wp-json\/wp\/v2\/users\/1"}],"replies":[{"embeddable":true,"href":"https:\/\/agora.xtec.cat\/ceipsab\/wp-json\/wp\/v2\/comments?post=7124"}],"version-history":[{"count":1,"href":"https:\/\/agora.xtec.cat\/ceipsab\/wp-json\/wp\/v2\/posts\/7124\/revisions"}],"predecessor-version":[{"id":7125,"href":"https:\/\/agora.xtec.cat\/ceipsab\/wp-json\/wp\/v2\/posts\/7124\/revisions\/7125"}],"wp:attachment":[{"href":"https:\/\/agora.xtec.cat\/ceipsab\/wp-json\/wp\/v2\/media?parent=7124"}],"wp:term":[{"taxonomy":"category","embeddable":true,"href":"https:\/\/agora.xtec.cat\/ceipsab\/wp-json\/wp\/v2\/categories?post=7124"},{"taxonomy":"post_tag","embeddable":true,"href":"https:\/\/agora.xtec.cat\/ceipsab\/wp-json\/wp\/v2\/tags?post=7124"}],"curies":[{"name":"wp","href":"https:\/\/api.w.org\/{rel}","templated":true}]}}