{"id":7118,"date":"2021-02-09T17:20:29","date_gmt":"2021-02-09T16:20:29","guid":{"rendered":"http:\/\/agora.xtec.cat\/ceipsab\/?p=7118"},"modified":"2021-02-09T17:24:29","modified_gmt":"2021-02-09T16:24:29","slug":"a-2n-anem-a-rebre-el-rei-carnestoltes","status":"publish","type":"post","link":"https:\/\/agora.xtec.cat\/ceipsab\/portada\/a-2n-anem-a-rebre-el-rei-carnestoltes\/","title":{"rendered":"A 2n anem a rebre el Rei Carnestoltes"},"content":{"rendered":"<p>Els nens\u00a0 i nenes de 2n vam anar a rebre a Sa Majestat el Rei Carnestoltes al pati de l&#8217;escola. Ten\u00edem moltes ganes de rebre&#8217;l perqu\u00e8 ens havia de dir quines eren les consignes que hav\u00edem de portar durant tota la setmana.<\/p>\n<p>I com que era una visita molt especial vam baixar amb les nostres m\u00e0scares de Capit\u00e0 Garfi i de Scar.<\/p>\n<p>Ens va agradar molt ja que aquest any s&#8217;havia posat molt guapo per venir al nostre cole.<\/p>\n<p>&nbsp;<\/p>\n<p><a href=\"https:\/\/photos.app.goo.gl\/esY2tAymTy1aaovW7\"><img loading=\"lazy\" decoding=\"async\" class=\"alignnone size-full wp-image-7119\" src=\"https:\/\/agora.xtec.cat\/ceipsab\/wp-content\/uploads\/usu1011\/2021\/02\/carnestoltes.jpg\" alt=\"\" width=\"400\" height=\"210\" srcset=\"https:\/\/agora.xtec.cat\/ceipsab\/wp-content\/uploads\/usu1011\/2021\/02\/carnestoltes.jpg 400w, https:\/\/agora.xtec.cat\/ceipsab\/wp-content\/uploads\/usu1011\/2021\/02\/carnestoltes-300x158.jpg 300w\" sizes=\"auto, (max-width: 400px) 100vw, 400px\" \/><\/a><\/p>\n","protected":false},"excerpt":{"rendered":"<p>Els nens\u00a0 i nenes de 2n vam anar a rebre a Sa Majestat el Rei Carnestoltes al pati de l&#8217;escola. Ten\u00edem moltes ganes de rebre&#8217;l perqu\u00e8 ens havia de dir quines eren les consignes que hav\u00edem de portar durant tota la setmana.<br \/>\nI com que era&hellip;  <a href=\"https:\/\/agora.xtec.cat\/ceipsab\/portada\/a-2n-anem-a-rebre-el-rei-carnestoltes\/\" title=\"Read A 2n anem a rebre el Rei Carnestoltes\">Llegeix m\u00e9s\u00bb<\/a><\/p>\n","protected":false},"author":1,"featured_media":7119,"comment_status":"open","ping_status":"closed","sticky":false,"template":"","format":"standard","meta":{"_bbp_topic_count":0,"_bbp_reply_count":0,"_bbp_total_topic_count":0,"_bbp_total_reply_count":0,"_bbp_voice_count":0,"_bbp_anonymous_reply_count":0,"_bbp_topic_count_hidden":0,"_bbp_reply_count_hidden":0,"_bbp_forum_subforum_count":0,"footnotes":""},"categories":[11,63,5,4],"tags":[],"class_list":["post-7118","post","type-post","status-publish","format-standard","has-post-thumbnail","hentry","category-2n","category-cicle-inicial","category-primaria","category-portada"],"post_mailing_queue_ids":[],"_links":{"self":[{"href":"https:\/\/agora.xtec.cat\/ceipsab\/wp-json\/wp\/v2\/posts\/7118","targetHints":{"allow":["GET"]}}],"collection":[{"href":"https:\/\/agora.xtec.cat\/ceipsab\/wp-json\/wp\/v2\/posts"}],"about":[{"href":"https:\/\/agora.xtec.cat\/ceipsab\/wp-json\/wp\/v2\/types\/post"}],"author":[{"embeddable":true,"href":"https:\/\/agora.xtec.cat\/ceipsab\/wp-json\/wp\/v2\/users\/1"}],"replies":[{"embeddable":true,"href":"https:\/\/agora.xtec.cat\/ceipsab\/wp-json\/wp\/v2\/comments?post=7118"}],"version-history":[{"count":2,"href":"https:\/\/agora.xtec.cat\/ceipsab\/wp-json\/wp\/v2\/posts\/7118\/revisions"}],"predecessor-version":[{"id":7121,"href":"https:\/\/agora.xtec.cat\/ceipsab\/wp-json\/wp\/v2\/posts\/7118\/revisions\/7121"}],"wp:featuredmedia":[{"embeddable":true,"href":"https:\/\/agora.xtec.cat\/ceipsab\/wp-json\/wp\/v2\/media\/7119"}],"wp:attachment":[{"href":"https:\/\/agora.xtec.cat\/ceipsab\/wp-json\/wp\/v2\/media?parent=7118"}],"wp:term":[{"taxonomy":"category","embeddable":true,"href":"https:\/\/agora.xtec.cat\/ceipsab\/wp-json\/wp\/v2\/categories?post=7118"},{"taxonomy":"post_tag","embeddable":true,"href":"https:\/\/agora.xtec.cat\/ceipsab\/wp-json\/wp\/v2\/tags?post=7118"}],"curies":[{"name":"wp","href":"https:\/\/api.w.org\/{rel}","templated":true}]}}