{"id":7112,"date":"2021-02-09T17:20:46","date_gmt":"2021-02-09T16:20:46","guid":{"rendered":"http:\/\/agora.xtec.cat\/ceipsab\/?p=7112"},"modified":"2021-02-09T17:23:54","modified_gmt":"2021-02-09T16:23:54","slug":"a-2n-acabem-el-projecte-dels-mitjans-de-transport","status":"publish","type":"post","link":"https:\/\/agora.xtec.cat\/ceipsab\/portada\/a-2n-acabem-el-projecte-dels-mitjans-de-transport\/","title":{"rendered":"A 2n acabem el projecte dels Mitjans de Transport"},"content":{"rendered":"<p>Durant tot el primer trimestre els nens i nenes de segon hem treballat els mitjans de transport, Hem fet molta feina, hem apr\u00e8s moltes coses i hem gaudit amb totes les activitats que hem porta a terme,<\/p>\n<p>I el que m\u00e9s ens va agradar va ser l&#8217;experiment que vam realitzar els \u00faltims dies.\u00a0 Per grups vam haver de construir un mitj\u00e0 de transport amb la \u00fanica condici\u00f3 que havia de surar a l&#8217;aigua. Aix\u00ed ens vam posar m\u00e0 a l&#8217;obra i amb diferents materials que hav\u00edem portat de casa (fusta, caixes de cartr\u00f3, ampolles de pl\u00e0stic, tetra briks, canyetes&#8230;) vam elaborar un super vaixell.\u00a0 Vam haver de fer un pl\u00e0nol de com seria la nostra construcci\u00f3, vam decidir entre tots i totes del grup quins materials far\u00edem servir i per \u00faltim vam haver de construir-lo.<\/p>\n<p>I l&#8217;\u00faltim dia vam baixar al pati on vam comprovar en una piscina plena d&#8217;aigua si hav\u00edem pogut assolir l&#8217;objectiu o no.<\/p>\n<p>Ens ho vam passar genial&#8230;!!!!<\/p>\n<p>&nbsp;<\/p>\n<p><a href=\"https:\/\/photos.app.goo.gl\/V5Vb2WWVZ5gvApQV8\"><img loading=\"lazy\" decoding=\"async\" class=\"alignnone size-full wp-image-7113\" src=\"https:\/\/agora.xtec.cat\/ceipsab\/wp-content\/uploads\/usu1011\/2021\/02\/dibuix-pirata.jpg\" alt=\"\" width=\"400\" height=\"167\" srcset=\"https:\/\/agora.xtec.cat\/ceipsab\/wp-content\/uploads\/usu1011\/2021\/02\/dibuix-pirata.jpg 400w, https:\/\/agora.xtec.cat\/ceipsab\/wp-content\/uploads\/usu1011\/2021\/02\/dibuix-pirata-300x125.jpg 300w\" sizes=\"auto, (max-width: 400px) 100vw, 400px\" \/><\/a><\/p>\n<p>&nbsp;<\/p>\n<p>Aqu\u00ed teniu algunes fotos.<\/p>\n<p>&nbsp;<\/p>\n<p>&nbsp;<\/p>\n<p>&nbsp;<\/p>\n","protected":false},"excerpt":{"rendered":"<p>Durant tot el primer trimestre els nens i nenes de segon hem treballat els mitjans de transport, Hem fet molta feina, hem apr\u00e8s moltes coses i hem gaudit amb totes les activitats que hem porta a terme,<br \/>\nI el que m\u00e9s ens va agradar va ser&hellip;  <a href=\"https:\/\/agora.xtec.cat\/ceipsab\/portada\/a-2n-acabem-el-projecte-dels-mitjans-de-transport\/\" title=\"Read A 2n acabem el projecte dels Mitjans de Transport\">Llegeix m\u00e9s\u00bb<\/a><\/p>\n","protected":false},"author":1,"featured_media":7113,"comment_status":"open","ping_status":"closed","sticky":false,"template":"","format":"standard","meta":{"_bbp_topic_count":0,"_bbp_reply_count":0,"_bbp_total_topic_count":0,"_bbp_total_reply_count":0,"_bbp_voice_count":0,"_bbp_anonymous_reply_count":0,"_bbp_topic_count_hidden":0,"_bbp_reply_count_hidden":0,"_bbp_forum_subforum_count":0,"footnotes":""},"categories":[11,63,5,4],"tags":[],"class_list":["post-7112","post","type-post","status-publish","format-standard","has-post-thumbnail","hentry","category-2n","category-cicle-inicial","category-primaria","category-portada"],"post_mailing_queue_ids":[],"_links":{"self":[{"href":"https:\/\/agora.xtec.cat\/ceipsab\/wp-json\/wp\/v2\/posts\/7112","targetHints":{"allow":["GET"]}}],"collection":[{"href":"https:\/\/agora.xtec.cat\/ceipsab\/wp-json\/wp\/v2\/posts"}],"about":[{"href":"https:\/\/agora.xtec.cat\/ceipsab\/wp-json\/wp\/v2\/types\/post"}],"author":[{"embeddable":true,"href":"https:\/\/agora.xtec.cat\/ceipsab\/wp-json\/wp\/v2\/users\/1"}],"replies":[{"embeddable":true,"href":"https:\/\/agora.xtec.cat\/ceipsab\/wp-json\/wp\/v2\/comments?post=7112"}],"version-history":[{"count":3,"href":"https:\/\/agora.xtec.cat\/ceipsab\/wp-json\/wp\/v2\/posts\/7112\/revisions"}],"predecessor-version":[{"id":7116,"href":"https:\/\/agora.xtec.cat\/ceipsab\/wp-json\/wp\/v2\/posts\/7112\/revisions\/7116"}],"wp:featuredmedia":[{"embeddable":true,"href":"https:\/\/agora.xtec.cat\/ceipsab\/wp-json\/wp\/v2\/media\/7113"}],"wp:attachment":[{"href":"https:\/\/agora.xtec.cat\/ceipsab\/wp-json\/wp\/v2\/media?parent=7112"}],"wp:term":[{"taxonomy":"category","embeddable":true,"href":"https:\/\/agora.xtec.cat\/ceipsab\/wp-json\/wp\/v2\/categories?post=7112"},{"taxonomy":"post_tag","embeddable":true,"href":"https:\/\/agora.xtec.cat\/ceipsab\/wp-json\/wp\/v2\/tags?post=7112"}],"curies":[{"name":"wp","href":"https:\/\/api.w.org\/{rel}","templated":true}]}}