{"id":7088,"date":"2021-03-10T09:33:12","date_gmt":"2021-03-10T08:33:12","guid":{"rendered":"http:\/\/agora.xtec.cat\/ceipsab\/?p=7088"},"modified":"2021-03-10T09:33:12","modified_gmt":"2021-03-10T08:33:12","slug":"cientifics-per-un-dia-observem-les-cel%c2%b7lules","status":"publish","type":"post","link":"https:\/\/agora.xtec.cat\/ceipsab\/primaria\/cicle-superior\/6e\/cientifics-per-un-dia-observem-les-cel%c2%b7lules\/","title":{"rendered":"CIENT\u00cdFICS PER UN DIA: OBSERVEM LES C\u00c8L\u00b7LULES"},"content":{"rendered":"<p>Portem unes setmanes treballant a l&#8217;\u00e0rea de Medi Natural el cos hum\u00e0. Estem descobrint moltes coses, entre elles, que la part m\u00e9s petita del nostre cos s\u00f3n les c\u00e8l\u00b7lules.<\/p>\n<p>Com ten\u00edem molta curiositat per saber com eren, vam decidir fer una pr\u00e0ctica de laboratori per poder observar-les a trav\u00e9s del microscopi, com fan els cient\u00edfics. Vam observar com \u00e9s la sang, els m\u00fasculs i els ossos. A m\u00e9s vam fer una mostra, amb\u00a0 un tros de pell d&#8217;una ceba, per poder comparar i diferenciar les c\u00e8l\u00b7lules vegetals de les animals.<\/p>\n<p>Aquesta experi\u00e8ncia\u00a0 l&#8217;hem trobat molt interessant i divertida. Esperem repetir l&#8217;activitat per descobrir coses noves.<\/p>\n<p><a href=\"https:\/\/photos.app.goo.gl\/XQ2aoERYpdNixVgG8\"><img loading=\"lazy\" decoding=\"async\" class=\"alignnone wp-image-7315 size-large\" src=\"https:\/\/agora.xtec.cat\/ceipsab\/wp-content\/uploads\/usu1011\/2021\/02\/maxresdefault-1024x576.jpg\" alt=\"\" width=\"1024\" height=\"576\" srcset=\"https:\/\/agora.xtec.cat\/ceipsab\/wp-content\/uploads\/usu1011\/2021\/02\/maxresdefault-1024x576.jpg 1024w, https:\/\/agora.xtec.cat\/ceipsab\/wp-content\/uploads\/usu1011\/2021\/02\/maxresdefault-300x169.jpg 300w, https:\/\/agora.xtec.cat\/ceipsab\/wp-content\/uploads\/usu1011\/2021\/02\/maxresdefault-768x432.jpg 768w, https:\/\/agora.xtec.cat\/ceipsab\/wp-content\/uploads\/usu1011\/2021\/02\/maxresdefault.jpg 1280w\" sizes=\"auto, (max-width: 1024px) 100vw, 1024px\" \/><\/a><\/p>\n","protected":false},"excerpt":{"rendered":"<p>Portem unes setmanes treballant a l&#8217;\u00e0rea de Medi Natural el cos hum\u00e0. Estem descobrint moltes coses, entre elles, que la part m\u00e9s petita del nostre cos s\u00f3n les c\u00e8l\u00b7lules.<br \/>\nCom ten\u00edem molta curiositat per saber com eren, vam decidir fer una pr\u00e0ctica de laboratori per poder&hellip;  <a href=\"https:\/\/agora.xtec.cat\/ceipsab\/primaria\/cicle-superior\/6e\/cientifics-per-un-dia-observem-les-cel%c2%b7lules\/\" title=\"Read CIENT\u00cdFICS PER UN DIA: OBSERVEM LES C\u00c8L\u00b7LULES\">Llegeix m\u00e9s\u00bb<\/a><\/p>\n","protected":false},"author":51,"featured_media":7315,"comment_status":"open","ping_status":"closed","sticky":false,"template":"","format":"standard","meta":{"_bbp_topic_count":0,"_bbp_reply_count":0,"_bbp_total_topic_count":0,"_bbp_total_reply_count":0,"_bbp_voice_count":0,"_bbp_anonymous_reply_count":0,"_bbp_topic_count_hidden":0,"_bbp_reply_count_hidden":0,"_bbp_forum_subforum_count":0,"footnotes":""},"categories":[15],"tags":[],"class_list":["post-7088","post","type-post","status-publish","format-standard","has-post-thumbnail","hentry","category-6e"],"post_mailing_queue_ids":[],"_links":{"self":[{"href":"https:\/\/agora.xtec.cat\/ceipsab\/wp-json\/wp\/v2\/posts\/7088","targetHints":{"allow":["GET"]}}],"collection":[{"href":"https:\/\/agora.xtec.cat\/ceipsab\/wp-json\/wp\/v2\/posts"}],"about":[{"href":"https:\/\/agora.xtec.cat\/ceipsab\/wp-json\/wp\/v2\/types\/post"}],"author":[{"embeddable":true,"href":"https:\/\/agora.xtec.cat\/ceipsab\/wp-json\/wp\/v2\/users\/51"}],"replies":[{"embeddable":true,"href":"https:\/\/agora.xtec.cat\/ceipsab\/wp-json\/wp\/v2\/comments?post=7088"}],"version-history":[{"count":3,"href":"https:\/\/agora.xtec.cat\/ceipsab\/wp-json\/wp\/v2\/posts\/7088\/revisions"}],"predecessor-version":[{"id":7317,"href":"https:\/\/agora.xtec.cat\/ceipsab\/wp-json\/wp\/v2\/posts\/7088\/revisions\/7317"}],"wp:featuredmedia":[{"embeddable":true,"href":"https:\/\/agora.xtec.cat\/ceipsab\/wp-json\/wp\/v2\/media\/7315"}],"wp:attachment":[{"href":"https:\/\/agora.xtec.cat\/ceipsab\/wp-json\/wp\/v2\/media?parent=7088"}],"wp:term":[{"taxonomy":"category","embeddable":true,"href":"https:\/\/agora.xtec.cat\/ceipsab\/wp-json\/wp\/v2\/categories?post=7088"},{"taxonomy":"post_tag","embeddable":true,"href":"https:\/\/agora.xtec.cat\/ceipsab\/wp-json\/wp\/v2\/tags?post=7088"}],"curies":[{"name":"wp","href":"https:\/\/api.w.org\/{rel}","templated":true}]}}