{"id":7086,"date":"2021-02-19T12:14:53","date_gmt":"2021-02-19T11:14:53","guid":{"rendered":"http:\/\/agora.xtec.cat\/ceipsab\/?p=7086"},"modified":"2021-03-09T16:02:52","modified_gmt":"2021-03-09T15:02:52","slug":"celebrem-tots-junts-el-carnaval","status":"publish","type":"post","link":"https:\/\/agora.xtec.cat\/ceipsab\/primaria\/cicle-superior\/6e\/celebrem-tots-junts-el-carnaval\/","title":{"rendered":"CELEBREM TOTS JUNTS EL CARNAVAL"},"content":{"rendered":"<p>Els alumnes de 6\u00e8\u00a0 hem sigut els grans protagonistes d&#8217;aquest Carnaval de 2021.<\/p>\n<p>Durant molts dies hem estat preparant tots junts les coses necess\u00e0ries per gaudir aquests dies de disbauxa. Aix\u00ed hem decorant l&#8217;entrada de l&#8217;escola amb molts colors, hem pensat les consignes i les rimes del preg\u00f3, i hem treballat de valent practicant el ball i la seva presentaci\u00f3.<\/p>\n<p>Nosaltres, com la resta dels nens i nenes de l&#8217;escola, tamb\u00e9 ho hem celebrat i ens ho hem passat molt i molt b\u00e9.<\/p>\n<p>Voleu veure la nostra setmana de bogeria i d&#8217;alegria?<\/p>\n<p><a href=\"https:\/\/photos.app.goo.gl\/VBdgYiKU5pVj63Gw6\"><img loading=\"lazy\" decoding=\"async\" class=\"alignnone wp-image-7156\" src=\"https:\/\/agora.xtec.cat\/ceipsab\/wp-content\/uploads\/usu1011\/2021\/02\/IMG_20210211_140008-1024x576.jpg\" alt=\"\" width=\"340\" height=\"192\" srcset=\"https:\/\/agora.xtec.cat\/ceipsab\/wp-content\/uploads\/usu1011\/2021\/02\/IMG_20210211_140008-1024x576.jpg 1024w, https:\/\/agora.xtec.cat\/ceipsab\/wp-content\/uploads\/usu1011\/2021\/02\/IMG_20210211_140008-300x169.jpg 300w, https:\/\/agora.xtec.cat\/ceipsab\/wp-content\/uploads\/usu1011\/2021\/02\/IMG_20210211_140008-768x432.jpg 768w\" sizes=\"auto, (max-width: 340px) 100vw, 340px\" \/><\/a><\/p>\n<p>Escrit per les i els alumnes de 6\u00e8<\/p>\n","protected":false},"excerpt":{"rendered":"<p>Els alumnes de 6\u00e8\u00a0 hem sigut els grans protagonistes d&#8217;aquest Carnaval de 2021.<br \/>\nDurant molts dies hem estat preparant tots junts les coses necess\u00e0ries per gaudir aquests dies de disbauxa. Aix\u00ed hem decorant l&#8217;entrada de l&#8217;escola amb molts colors, hem pensat les consignes i les rimes&hellip;  <a href=\"https:\/\/agora.xtec.cat\/ceipsab\/primaria\/cicle-superior\/6e\/celebrem-tots-junts-el-carnaval\/\" title=\"Read CELEBREM TOTS JUNTS EL CARNAVAL\">Llegeix m\u00e9s\u00bb<\/a><\/p>\n","protected":false},"author":51,"featured_media":7277,"comment_status":"open","ping_status":"closed","sticky":false,"template":"","format":"standard","meta":{"_bbp_topic_count":0,"_bbp_reply_count":0,"_bbp_total_topic_count":0,"_bbp_total_reply_count":0,"_bbp_voice_count":0,"_bbp_anonymous_reply_count":0,"_bbp_topic_count_hidden":0,"_bbp_reply_count_hidden":0,"_bbp_forum_subforum_count":0,"footnotes":""},"categories":[15],"tags":[],"class_list":["post-7086","post","type-post","status-publish","format-standard","has-post-thumbnail","hentry","category-6e"],"post_mailing_queue_ids":[],"_links":{"self":[{"href":"https:\/\/agora.xtec.cat\/ceipsab\/wp-json\/wp\/v2\/posts\/7086","targetHints":{"allow":["GET"]}}],"collection":[{"href":"https:\/\/agora.xtec.cat\/ceipsab\/wp-json\/wp\/v2\/posts"}],"about":[{"href":"https:\/\/agora.xtec.cat\/ceipsab\/wp-json\/wp\/v2\/types\/post"}],"author":[{"embeddable":true,"href":"https:\/\/agora.xtec.cat\/ceipsab\/wp-json\/wp\/v2\/users\/51"}],"replies":[{"embeddable":true,"href":"https:\/\/agora.xtec.cat\/ceipsab\/wp-json\/wp\/v2\/comments?post=7086"}],"version-history":[{"count":3,"href":"https:\/\/agora.xtec.cat\/ceipsab\/wp-json\/wp\/v2\/posts\/7086\/revisions"}],"predecessor-version":[{"id":7164,"href":"https:\/\/agora.xtec.cat\/ceipsab\/wp-json\/wp\/v2\/posts\/7086\/revisions\/7164"}],"wp:featuredmedia":[{"embeddable":true,"href":"https:\/\/agora.xtec.cat\/ceipsab\/wp-json\/wp\/v2\/media\/7277"}],"wp:attachment":[{"href":"https:\/\/agora.xtec.cat\/ceipsab\/wp-json\/wp\/v2\/media?parent=7086"}],"wp:term":[{"taxonomy":"category","embeddable":true,"href":"https:\/\/agora.xtec.cat\/ceipsab\/wp-json\/wp\/v2\/categories?post=7086"},{"taxonomy":"post_tag","embeddable":true,"href":"https:\/\/agora.xtec.cat\/ceipsab\/wp-json\/wp\/v2\/tags?post=7086"}],"curies":[{"name":"wp","href":"https:\/\/api.w.org\/{rel}","templated":true}]}}