{"id":7015,"date":"2020-12-22T21:01:31","date_gmt":"2020-12-22T20:01:31","guid":{"rendered":"http:\/\/agora.xtec.cat\/ceipsab\/?p=7015"},"modified":"2020-12-22T21:01:31","modified_gmt":"2020-12-22T20:01:31","slug":"p4-el-tio-i-el-patge-reial","status":"publish","type":"post","link":"https:\/\/agora.xtec.cat\/ceipsab\/educacio-infantil\/p4\/p4-el-tio-i-el-patge-reial\/","title":{"rendered":"P4 EL TI\u00d3 I EL PATGE REIAL"},"content":{"rendered":"<p>Hola fam\u00edlies:<\/p>\n<p>L&#8217;\u00faltim dia d&#8217;escola d&#8217;aquest primer trimestre ha estat ben especial.<\/p>\n<p>Despr\u00e9s de veure els v\u00eddeos del concert de Nadal hem fet cagar el Ti\u00f3. I quina il\u00b7lusi\u00f3, ens ha cagat uns regals ben macos !!!<\/p>\n<p>Tamb\u00e9 hem anat a veure al Patge Reial de SSMM els Reis d&#8217;Orient. Hem ficat la nostra carta dins la b\u00fastia, ha estat molt emocionant !!!<\/p>\n<p>Que passeu unes molt Bones Festes!!!<\/p>\n<p><a href=\"https:\/\/agora.xtec.cat\/ceipsab\/wp-content\/uploads\/usu1011\/2019\/12\/nadal-1.jpg\"><img loading=\"lazy\" decoding=\"async\" class=\"alignnone  wp-image-4984\" src=\"https:\/\/agora.xtec.cat\/ceipsab\/wp-content\/uploads\/usu1011\/2019\/12\/nadal-1-1024x682.jpg\" alt=\"\" width=\"353\" height=\"235\" srcset=\"https:\/\/agora.xtec.cat\/ceipsab\/wp-content\/uploads\/usu1011\/2019\/12\/nadal-1-1024x682.jpg 1024w, https:\/\/agora.xtec.cat\/ceipsab\/wp-content\/uploads\/usu1011\/2019\/12\/nadal-1-300x200.jpg 300w, https:\/\/agora.xtec.cat\/ceipsab\/wp-content\/uploads\/usu1011\/2019\/12\/nadal-1-768x512.jpg 768w, https:\/\/agora.xtec.cat\/ceipsab\/wp-content\/uploads\/usu1011\/2019\/12\/nadal-1.jpg 1280w\" sizes=\"auto, (max-width: 353px) 100vw, 353px\" \/><\/a><\/p>\n<p>P4 A\u00a0 TI\u00d3 (Cliqueu per veure les fotografies)<\/p>\n<p><a href=\"https:\/\/photos.app.goo.gl\/dVnUkyyYLZRrmqqu6\"><img loading=\"lazy\" decoding=\"async\" class=\"alignnone  wp-image-7017\" src=\"https:\/\/agora.xtec.cat\/ceipsab\/wp-content\/uploads\/usu1011\/2020\/12\/TI\u00d3-A-1024x768.jpg\" alt=\"\" width=\"307\" height=\"231\" srcset=\"https:\/\/agora.xtec.cat\/ceipsab\/wp-content\/uploads\/usu1011\/2020\/12\/TI\u00d3-A-1024x768.jpg 1024w, https:\/\/agora.xtec.cat\/ceipsab\/wp-content\/uploads\/usu1011\/2020\/12\/TI\u00d3-A-300x225.jpg 300w, https:\/\/agora.xtec.cat\/ceipsab\/wp-content\/uploads\/usu1011\/2020\/12\/TI\u00d3-A-768x576.jpg 768w, https:\/\/agora.xtec.cat\/ceipsab\/wp-content\/uploads\/usu1011\/2020\/12\/TI\u00d3-A-200x150.jpg 200w, https:\/\/agora.xtec.cat\/ceipsab\/wp-content\/uploads\/usu1011\/2020\/12\/TI\u00d3-A.jpg 2000w\" sizes=\"auto, (max-width: 307px) 100vw, 307px\" \/><\/a><\/p>\n<p>P4 A\u00a0 \u00a0PATGE REIAL (Cliqueu per veure les fotografies)<\/p>\n<p><a href=\"https:\/\/photos.app.goo.gl\/Cow256n5naZKcGsB8\"><img loading=\"lazy\" decoding=\"async\" class=\"alignnone  wp-image-7018\" src=\"https:\/\/agora.xtec.cat\/ceipsab\/wp-content\/uploads\/usu1011\/2020\/12\/PATGE-A-1024x768.jpg\" alt=\"\" width=\"294\" height=\"220\" srcset=\"https:\/\/agora.xtec.cat\/ceipsab\/wp-content\/uploads\/usu1011\/2020\/12\/PATGE-A-1024x768.jpg 1024w, https:\/\/agora.xtec.cat\/ceipsab\/wp-content\/uploads\/usu1011\/2020\/12\/PATGE-A-300x225.jpg 300w, https:\/\/agora.xtec.cat\/ceipsab\/wp-content\/uploads\/usu1011\/2020\/12\/PATGE-A-768x576.jpg 768w, https:\/\/agora.xtec.cat\/ceipsab\/wp-content\/uploads\/usu1011\/2020\/12\/PATGE-A-200x150.jpg 200w, https:\/\/agora.xtec.cat\/ceipsab\/wp-content\/uploads\/usu1011\/2020\/12\/PATGE-A.jpg 2000w\" sizes=\"auto, (max-width: 294px) 100vw, 294px\" \/><\/a><\/p>\n<p>P4 B\u00a0 TI\u00d3 (Cliqueu per veure les fotografies)<\/p>\n<p><a href=\"https:\/\/photos.app.goo.gl\/snFpPdHrixEh4A4S8\"><img loading=\"lazy\" decoding=\"async\" class=\"alignnone  wp-image-7019\" src=\"https:\/\/agora.xtec.cat\/ceipsab\/wp-content\/uploads\/usu1011\/2020\/12\/TI\u00d3-P4-B-1024x643.jpg\" alt=\"\" width=\"296\" height=\"186\" srcset=\"https:\/\/agora.xtec.cat\/ceipsab\/wp-content\/uploads\/usu1011\/2020\/12\/TI\u00d3-P4-B-1024x643.jpg 1024w, https:\/\/agora.xtec.cat\/ceipsab\/wp-content\/uploads\/usu1011\/2020\/12\/TI\u00d3-P4-B-300x188.jpg 300w, https:\/\/agora.xtec.cat\/ceipsab\/wp-content\/uploads\/usu1011\/2020\/12\/TI\u00d3-P4-B-768x482.jpg 768w, https:\/\/agora.xtec.cat\/ceipsab\/wp-content\/uploads\/usu1011\/2020\/12\/TI\u00d3-P4-B.jpg 1600w\" sizes=\"auto, (max-width: 296px) 100vw, 296px\" \/><\/a><\/p>\n<p>P4 B\u00a0 PATGE REIAL (Cliqueu per veure les fotografies)<\/p>\n<p><a href=\"https:\/\/photos.app.goo.gl\/4QcHVdRczsJyreTV6\"><img loading=\"lazy\" decoding=\"async\" class=\"alignnone  wp-image-7020\" src=\"https:\/\/agora.xtec.cat\/ceipsab\/wp-content\/uploads\/usu1011\/2020\/12\/PATGE-B-1024x641.jpg\" alt=\"\" width=\"303\" height=\"190\" srcset=\"https:\/\/agora.xtec.cat\/ceipsab\/wp-content\/uploads\/usu1011\/2020\/12\/PATGE-B-1024x641.jpg 1024w, https:\/\/agora.xtec.cat\/ceipsab\/wp-content\/uploads\/usu1011\/2020\/12\/PATGE-B-300x188.jpg 300w, https:\/\/agora.xtec.cat\/ceipsab\/wp-content\/uploads\/usu1011\/2020\/12\/PATGE-B-768x481.jpg 768w, https:\/\/agora.xtec.cat\/ceipsab\/wp-content\/uploads\/usu1011\/2020\/12\/PATGE-B.jpg 1600w\" sizes=\"auto, (max-width: 303px) 100vw, 303px\" \/><\/a><\/p>\n","protected":false},"excerpt":{"rendered":"<p>Hola fam\u00edlies:<br \/>\nL&#8217;\u00faltim dia d&#8217;escola d&#8217;aquest primer trimestre ha estat ben especial.<br \/>\nDespr\u00e9s de veure els v\u00eddeos del concert de Nadal hem fet cagar el Ti\u00f3. I quina il\u00b7lusi\u00f3, ens ha cagat uns regals ben macos !!!<br \/>\nTamb\u00e9 hem anat a veure al Patge Reial de SSMM els&hellip;  <a href=\"https:\/\/agora.xtec.cat\/ceipsab\/educacio-infantil\/p4\/p4-el-tio-i-el-patge-reial\/\" title=\"Read P4 EL TI\u00d3 I EL PATGE REIAL\">Llegeix m\u00e9s\u00bb<\/a><\/p>\n","protected":false},"author":48,"featured_media":4984,"comment_status":"open","ping_status":"closed","sticky":false,"template":"","format":"standard","meta":{"_bbp_topic_count":0,"_bbp_reply_count":0,"_bbp_total_topic_count":0,"_bbp_total_reply_count":0,"_bbp_voice_count":0,"_bbp_anonymous_reply_count":0,"_bbp_topic_count_hidden":0,"_bbp_reply_count_hidden":0,"_bbp_forum_subforum_count":0,"footnotes":""},"categories":[62,8],"tags":[],"class_list":["post-7015","post","type-post","status-publish","format-standard","has-post-thumbnail","hentry","category-educacio-infantil","category-p4"],"post_mailing_queue_ids":[],"_links":{"self":[{"href":"https:\/\/agora.xtec.cat\/ceipsab\/wp-json\/wp\/v2\/posts\/7015","targetHints":{"allow":["GET"]}}],"collection":[{"href":"https:\/\/agora.xtec.cat\/ceipsab\/wp-json\/wp\/v2\/posts"}],"about":[{"href":"https:\/\/agora.xtec.cat\/ceipsab\/wp-json\/wp\/v2\/types\/post"}],"author":[{"embeddable":true,"href":"https:\/\/agora.xtec.cat\/ceipsab\/wp-json\/wp\/v2\/users\/48"}],"replies":[{"embeddable":true,"href":"https:\/\/agora.xtec.cat\/ceipsab\/wp-json\/wp\/v2\/comments?post=7015"}],"version-history":[{"count":2,"href":"https:\/\/agora.xtec.cat\/ceipsab\/wp-json\/wp\/v2\/posts\/7015\/revisions"}],"predecessor-version":[{"id":7021,"href":"https:\/\/agora.xtec.cat\/ceipsab\/wp-json\/wp\/v2\/posts\/7015\/revisions\/7021"}],"wp:featuredmedia":[{"embeddable":true,"href":"https:\/\/agora.xtec.cat\/ceipsab\/wp-json\/wp\/v2\/media\/4984"}],"wp:attachment":[{"href":"https:\/\/agora.xtec.cat\/ceipsab\/wp-json\/wp\/v2\/media?parent=7015"}],"wp:term":[{"taxonomy":"category","embeddable":true,"href":"https:\/\/agora.xtec.cat\/ceipsab\/wp-json\/wp\/v2\/categories?post=7015"},{"taxonomy":"post_tag","embeddable":true,"href":"https:\/\/agora.xtec.cat\/ceipsab\/wp-json\/wp\/v2\/tags?post=7015"}],"curies":[{"name":"wp","href":"https:\/\/api.w.org\/{rel}","templated":true}]}}