{"id":6931,"date":"2020-12-21T09:02:58","date_gmt":"2020-12-21T08:02:58","guid":{"rendered":"http:\/\/agora.xtec.cat\/ceipsab\/?p=6931"},"modified":"2020-12-21T21:21:55","modified_gmt":"2020-12-21T20:21:55","slug":"la-noticia-del-tio","status":"publish","type":"post","link":"https:\/\/agora.xtec.cat\/ceipsab\/educacio-infantil\/p5\/la-noticia-del-tio\/","title":{"rendered":"La not\u00edcia del Ti\u00f3"},"content":{"rendered":"<p>Aquests dies hem trobat el Ti\u00f3 i donat que \u00e9s un fet molt important hem decidit fer una not\u00edcia . Entre tots hem recordat quines parts t\u00e9 la not\u00edcia: t\u00edtol, explicaci\u00f3, foto&#8230;, a continuaci\u00f3 hem fet la nostra. Mireu que bons i bones\u00a0 periodistes som.<\/p>\n<p>P5A<\/p>\n<p><a href=\"https:\/\/photos.app.goo.gl\/gAC1jrjCHMEzci418\"><img loading=\"lazy\" decoding=\"async\" class=\"alignnone size-medium wp-image-6932\" src=\"https:\/\/agora.xtec.cat\/ceipsab\/wp-content\/uploads\/usu1011\/2020\/12\/noti2-183x300.jpg\" alt=\"\" width=\"183\" height=\"300\" srcset=\"https:\/\/agora.xtec.cat\/ceipsab\/wp-content\/uploads\/usu1011\/2020\/12\/noti2-183x300.jpg 183w, https:\/\/agora.xtec.cat\/ceipsab\/wp-content\/uploads\/usu1011\/2020\/12\/noti2.jpg 328w\" sizes=\"auto, (max-width: 183px) 100vw, 183px\" \/><\/a><\/p>\n<p>P5B<\/p>\n<p><a href=\"https:\/\/photos.app.goo.gl\/rJkrmv4QqcippqYY7\"><img loading=\"lazy\" decoding=\"async\" class=\"alignnone size-medium wp-image-6933\" src=\"https:\/\/agora.xtec.cat\/ceipsab\/wp-content\/uploads\/usu1011\/2020\/12\/not3-197x300.jpg\" alt=\"\" width=\"197\" height=\"300\" srcset=\"https:\/\/agora.xtec.cat\/ceipsab\/wp-content\/uploads\/usu1011\/2020\/12\/not3-197x300.jpg 197w, https:\/\/agora.xtec.cat\/ceipsab\/wp-content\/uploads\/usu1011\/2020\/12\/not3.jpg 393w\" sizes=\"auto, (max-width: 197px) 100vw, 197px\" \/><\/a><\/p>\n<p>&nbsp;<\/p>\n<p>&nbsp;<\/p>\n<p>&nbsp;<\/p>\n","protected":false},"excerpt":{"rendered":"<p>Aquests dies hem trobat el Ti\u00f3 i donat que \u00e9s un fet molt important hem decidit fer una not\u00edcia . Entre tots hem recordat quines parts t\u00e9 la not\u00edcia: t\u00edtol, explicaci\u00f3, foto&#8230;, a continuaci\u00f3 hem fet la nostra. Mireu que bons i bones\u00a0 periodistes som.<br \/>\nP5A<br \/>\n<a&hellip;  <a href=\"https:\/\/agora.xtec.cat\/ceipsab\/educacio-infantil\/p5\/la-noticia-del-tio\/\" title=\"Read La not\u00edcia del Ti\u00f3\">Llegeix m\u00e9s\u00bb<\/a><\/p>\n","protected":false},"author":7,"featured_media":6933,"comment_status":"open","ping_status":"closed","sticky":false,"template":"","format":"standard","meta":{"_bbp_topic_count":0,"_bbp_reply_count":0,"_bbp_total_topic_count":0,"_bbp_total_reply_count":0,"_bbp_voice_count":0,"_bbp_anonymous_reply_count":0,"_bbp_topic_count_hidden":0,"_bbp_reply_count_hidden":0,"_bbp_forum_subforum_count":0,"footnotes":""},"categories":[62,9],"tags":[242,226,160],"class_list":["post-6931","post","type-post","status-publish","format-standard","has-post-thumbnail","hentry","category-educacio-infantil","category-p5","tag-noticies","tag-p5","tag-tio"],"post_mailing_queue_ids":[],"_links":{"self":[{"href":"https:\/\/agora.xtec.cat\/ceipsab\/wp-json\/wp\/v2\/posts\/6931","targetHints":{"allow":["GET"]}}],"collection":[{"href":"https:\/\/agora.xtec.cat\/ceipsab\/wp-json\/wp\/v2\/posts"}],"about":[{"href":"https:\/\/agora.xtec.cat\/ceipsab\/wp-json\/wp\/v2\/types\/post"}],"author":[{"embeddable":true,"href":"https:\/\/agora.xtec.cat\/ceipsab\/wp-json\/wp\/v2\/users\/7"}],"replies":[{"embeddable":true,"href":"https:\/\/agora.xtec.cat\/ceipsab\/wp-json\/wp\/v2\/comments?post=6931"}],"version-history":[{"count":2,"href":"https:\/\/agora.xtec.cat\/ceipsab\/wp-json\/wp\/v2\/posts\/6931\/revisions"}],"predecessor-version":[{"id":6950,"href":"https:\/\/agora.xtec.cat\/ceipsab\/wp-json\/wp\/v2\/posts\/6931\/revisions\/6950"}],"wp:featuredmedia":[{"embeddable":true,"href":"https:\/\/agora.xtec.cat\/ceipsab\/wp-json\/wp\/v2\/media\/6933"}],"wp:attachment":[{"href":"https:\/\/agora.xtec.cat\/ceipsab\/wp-json\/wp\/v2\/media?parent=6931"}],"wp:term":[{"taxonomy":"category","embeddable":true,"href":"https:\/\/agora.xtec.cat\/ceipsab\/wp-json\/wp\/v2\/categories?post=6931"},{"taxonomy":"post_tag","embeddable":true,"href":"https:\/\/agora.xtec.cat\/ceipsab\/wp-json\/wp\/v2\/tags?post=6931"}],"curies":[{"name":"wp","href":"https:\/\/api.w.org\/{rel}","templated":true}]}}