{"id":6888,"date":"2020-12-18T11:30:47","date_gmt":"2020-12-18T10:30:47","guid":{"rendered":"http:\/\/agora.xtec.cat\/ceipsab\/?p=6888"},"modified":"2020-12-18T11:30:47","modified_gmt":"2020-12-18T10:30:47","slug":"les-flors-decoratives-de-6e","status":"publish","type":"post","link":"https:\/\/agora.xtec.cat\/ceipsab\/primaria\/cicle-superior\/6e\/les-flors-decoratives-de-6e\/","title":{"rendered":"LES FLORS DECORATIVES DE 6\u00e8"},"content":{"rendered":"<p><em>A partir d&#8217;una expressi\u00f3 escrita de castell\u00e0, les i els alumnes de 6\u00e8 hem fet flors de paper decoratives.<\/em><\/p>\n<p>Tots nosaltres durant v\u00e0ries sessions de pl\u00e0stica, hem fet flors de paper. Tot va comen\u00e7ar un\u00a0 dimarts per la tarda, a l&#8217;hora de castell\u00e0, quan l&#8217;Andreu i la X\u00e8nia ens van proposar fer un text instructiu a partir d&#8217;un v\u00eddeo sense veu, d&#8217;una persona fent una flor de paper per decorar. Com ens va agradar molt\u00a0 aquesta manualitat, vam proposar fer-la a l&#8217;hora de pl\u00e0stica. I aix\u00ed ho vam fer!<\/p>\n<p>Nosaltres ens pens\u00e0vem que aquesta manualitat era molt senzilla per\u00f2, va ser\u00a0 m\u00e9s complicada del que semblava. Aix\u00ed que cadasc\u00fa de nosaltres ho va fer al seu\u00a0 gust i estil.<\/p>\n<p>Voleu veure com hem fet les nostres obres d&#8217;art?. Doncs cliqueu a la imatge\u00a0 i esperem que us agradi tant com a nosaltres.<\/p>\n<p><em><strong>Escrit per les i els alumnes de 6\u00e8<\/strong><\/em><\/p>\n<p>&nbsp;<\/p>\n<p><a href=\"https:\/\/photos.app.goo.gl\/vc349KPjPJ9Vemts6\"><img loading=\"lazy\" decoding=\"async\" class=\"alignnone size-large wp-image-6889\" src=\"https:\/\/agora.xtec.cat\/ceipsab\/wp-content\/uploads\/usu1011\/2020\/12\/IMG_20201120_090002-1024x768.jpg\" alt=\"\" width=\"1024\" height=\"768\" srcset=\"https:\/\/agora.xtec.cat\/ceipsab\/wp-content\/uploads\/usu1011\/2020\/12\/IMG_20201120_090002-1024x768.jpg 1024w, https:\/\/agora.xtec.cat\/ceipsab\/wp-content\/uploads\/usu1011\/2020\/12\/IMG_20201120_090002-300x225.jpg 300w, https:\/\/agora.xtec.cat\/ceipsab\/wp-content\/uploads\/usu1011\/2020\/12\/IMG_20201120_090002-768x576.jpg 768w, https:\/\/agora.xtec.cat\/ceipsab\/wp-content\/uploads\/usu1011\/2020\/12\/IMG_20201120_090002-200x150.jpg 200w\" sizes=\"auto, (max-width: 1024px) 100vw, 1024px\" \/><\/a><\/p>\n","protected":false},"excerpt":{"rendered":"<p>A partir d&#8217;una expressi\u00f3 escrita de castell\u00e0, les i els alumnes de 6\u00e8 hem fet flors de paper decoratives.<br \/>\nTots nosaltres durant v\u00e0ries sessions de pl\u00e0stica, hem fet flors de paper. Tot va comen\u00e7ar un\u00a0 dimarts per la tarda, a l&#8217;hora de castell\u00e0, quan l&#8217;Andreu i&hellip;  <a href=\"https:\/\/agora.xtec.cat\/ceipsab\/primaria\/cicle-superior\/6e\/les-flors-decoratives-de-6e\/\" title=\"Read LES FLORS DECORATIVES DE 6\u00e8\">Llegeix m\u00e9s\u00bb<\/a><\/p>\n","protected":false},"author":51,"featured_media":6889,"comment_status":"open","ping_status":"closed","sticky":false,"template":"","format":"standard","meta":{"_bbp_topic_count":0,"_bbp_reply_count":0,"_bbp_total_topic_count":0,"_bbp_total_reply_count":0,"_bbp_voice_count":0,"_bbp_anonymous_reply_count":0,"_bbp_topic_count_hidden":0,"_bbp_reply_count_hidden":0,"_bbp_forum_subforum_count":0,"footnotes":""},"categories":[15],"tags":[],"class_list":["post-6888","post","type-post","status-publish","format-standard","has-post-thumbnail","hentry","category-6e"],"post_mailing_queue_ids":[],"_links":{"self":[{"href":"https:\/\/agora.xtec.cat\/ceipsab\/wp-json\/wp\/v2\/posts\/6888","targetHints":{"allow":["GET"]}}],"collection":[{"href":"https:\/\/agora.xtec.cat\/ceipsab\/wp-json\/wp\/v2\/posts"}],"about":[{"href":"https:\/\/agora.xtec.cat\/ceipsab\/wp-json\/wp\/v2\/types\/post"}],"author":[{"embeddable":true,"href":"https:\/\/agora.xtec.cat\/ceipsab\/wp-json\/wp\/v2\/users\/51"}],"replies":[{"embeddable":true,"href":"https:\/\/agora.xtec.cat\/ceipsab\/wp-json\/wp\/v2\/comments?post=6888"}],"version-history":[{"count":3,"href":"https:\/\/agora.xtec.cat\/ceipsab\/wp-json\/wp\/v2\/posts\/6888\/revisions"}],"predecessor-version":[{"id":6893,"href":"https:\/\/agora.xtec.cat\/ceipsab\/wp-json\/wp\/v2\/posts\/6888\/revisions\/6893"}],"wp:featuredmedia":[{"embeddable":true,"href":"https:\/\/agora.xtec.cat\/ceipsab\/wp-json\/wp\/v2\/media\/6889"}],"wp:attachment":[{"href":"https:\/\/agora.xtec.cat\/ceipsab\/wp-json\/wp\/v2\/media?parent=6888"}],"wp:term":[{"taxonomy":"category","embeddable":true,"href":"https:\/\/agora.xtec.cat\/ceipsab\/wp-json\/wp\/v2\/categories?post=6888"},{"taxonomy":"post_tag","embeddable":true,"href":"https:\/\/agora.xtec.cat\/ceipsab\/wp-json\/wp\/v2\/tags?post=6888"}],"curies":[{"name":"wp","href":"https:\/\/api.w.org\/{rel}","templated":true}]}}