{"id":6829,"date":"2020-12-02T19:46:50","date_gmt":"2020-12-02T18:46:50","guid":{"rendered":"http:\/\/agora.xtec.cat\/ceipsab\/?p=6829"},"modified":"2020-12-02T19:47:34","modified_gmt":"2020-12-02T18:47:34","slug":"els-nens-i-nens-de-1r-i-2n-decorem-lentrada-de-lescola","status":"publish","type":"post","link":"https:\/\/agora.xtec.cat\/ceipsab\/portada\/els-nens-i-nens-de-1r-i-2n-decorem-lentrada-de-lescola\/","title":{"rendered":"Els nens i nens de 1r i 2n decorem l&#8217;entrada de l&#8217;escola"},"content":{"rendered":"<p>Aquest any als nens i nenes de Cicle Inicial\u00a0 ens ha tocat decorar l&#8217;entrada de la nostra escola.<\/p>\n<p>Vam decidir entre tots i totes que seria una bona idea decorar una part del hall amb cosetes del Nadal i una altra part amb cosetes de l&#8217;hivern perqu\u00e8 la decoraci\u00f3 ha d&#8217;estar durant un temps.<\/p>\n<p>Aix\u00ed que ens vam posar a treballar i entre tots i totes hem aconseguit fer una escola encara m\u00e9s bonica . I ja que aquest any pel tema de la COVID les fam\u00edlies no entreu tant a l&#8217;escola , hem pensat penjar les fotos al bloc per a que ho pogueu veure des de casa amb les m\u00e0ximes garanties de seguretat&#8230;.<\/p>\n<p>&nbsp;<\/p>\n<p>Tots els nens i nenes de cicle inicial esperem que us agradi.<\/p>\n<p>&nbsp;<\/p>\n<p>Bones festes i abrigueu-vos molt que l&#8217;Hivern est\u00e0\u00a0 venint.<\/p>\n<p><a href=\"https:\/\/photos.app.goo.gl\/FrVaLQBCD7dyAPTL6\"><img loading=\"lazy\" decoding=\"async\" class=\"alignnone wp-image-6830\" src=\"https:\/\/agora.xtec.cat\/ceipsab\/wp-content\/uploads\/usu1011\/2020\/12\/caricatura-iglu-montanas-invierno-ilustracion_43633-4783.jpg\" alt=\"\" width=\"428\" height=\"308\" srcset=\"https:\/\/agora.xtec.cat\/ceipsab\/wp-content\/uploads\/usu1011\/2020\/12\/caricatura-iglu-montanas-invierno-ilustracion_43633-4783.jpg 626w, https:\/\/agora.xtec.cat\/ceipsab\/wp-content\/uploads\/usu1011\/2020\/12\/caricatura-iglu-montanas-invierno-ilustracion_43633-4783-300x216.jpg 300w\" sizes=\"auto, (max-width: 428px) 100vw, 428px\" \/><\/a><\/p>\n<p>cliqueu a la foto i entreu al nostre hall&#8230;.<\/p>\n","protected":false},"excerpt":{"rendered":"<p>Aquest any als nens i nenes de Cicle Inicial\u00a0 ens ha tocat decorar l&#8217;entrada de la nostra escola.<br \/>\nVam decidir entre tots i totes que seria una bona idea decorar una part del hall amb cosetes del Nadal i una altra part amb cosetes de l&#8217;hivern&hellip;  <a href=\"https:\/\/agora.xtec.cat\/ceipsab\/portada\/els-nens-i-nens-de-1r-i-2n-decorem-lentrada-de-lescola\/\" title=\"Read Els nens i nens de 1r i 2n decorem l&#8217;entrada de l&#8217;escola\">Llegeix m\u00e9s\u00bb<\/a><\/p>\n","protected":false},"author":1,"featured_media":6830,"comment_status":"open","ping_status":"closed","sticky":false,"template":"","format":"standard","meta":{"_bbp_topic_count":0,"_bbp_reply_count":0,"_bbp_total_topic_count":0,"_bbp_total_reply_count":0,"_bbp_voice_count":0,"_bbp_anonymous_reply_count":0,"_bbp_topic_count_hidden":0,"_bbp_reply_count_hidden":0,"_bbp_forum_subforum_count":0,"footnotes":""},"categories":[10,11,63,5,4],"tags":[],"class_list":["post-6829","post","type-post","status-publish","format-standard","has-post-thumbnail","hentry","category-1r","category-2n","category-cicle-inicial","category-primaria","category-portada"],"post_mailing_queue_ids":[],"_links":{"self":[{"href":"https:\/\/agora.xtec.cat\/ceipsab\/wp-json\/wp\/v2\/posts\/6829","targetHints":{"allow":["GET"]}}],"collection":[{"href":"https:\/\/agora.xtec.cat\/ceipsab\/wp-json\/wp\/v2\/posts"}],"about":[{"href":"https:\/\/agora.xtec.cat\/ceipsab\/wp-json\/wp\/v2\/types\/post"}],"author":[{"embeddable":true,"href":"https:\/\/agora.xtec.cat\/ceipsab\/wp-json\/wp\/v2\/users\/1"}],"replies":[{"embeddable":true,"href":"https:\/\/agora.xtec.cat\/ceipsab\/wp-json\/wp\/v2\/comments?post=6829"}],"version-history":[{"count":3,"href":"https:\/\/agora.xtec.cat\/ceipsab\/wp-json\/wp\/v2\/posts\/6829\/revisions"}],"predecessor-version":[{"id":6833,"href":"https:\/\/agora.xtec.cat\/ceipsab\/wp-json\/wp\/v2\/posts\/6829\/revisions\/6833"}],"wp:featuredmedia":[{"embeddable":true,"href":"https:\/\/agora.xtec.cat\/ceipsab\/wp-json\/wp\/v2\/media\/6830"}],"wp:attachment":[{"href":"https:\/\/agora.xtec.cat\/ceipsab\/wp-json\/wp\/v2\/media?parent=6829"}],"wp:term":[{"taxonomy":"category","embeddable":true,"href":"https:\/\/agora.xtec.cat\/ceipsab\/wp-json\/wp\/v2\/categories?post=6829"},{"taxonomy":"post_tag","embeddable":true,"href":"https:\/\/agora.xtec.cat\/ceipsab\/wp-json\/wp\/v2\/tags?post=6829"}],"curies":[{"name":"wp","href":"https:\/\/api.w.org\/{rel}","templated":true}]}}