{"id":6825,"date":"2020-12-02T11:04:03","date_gmt":"2020-12-02T10:04:03","guid":{"rendered":"http:\/\/agora.xtec.cat\/ceipsab\/?p=6825"},"modified":"2020-12-02T11:04:03","modified_gmt":"2020-12-02T10:04:03","slug":"telenoticies","status":"publish","type":"post","link":"https:\/\/agora.xtec.cat\/ceipsab\/primaria\/cicle-superior\/6e\/telenoticies\/","title":{"rendered":"Telenot\u00edcies."},"content":{"rendered":"<p><span style=\"font-weight: 400\">Els nens i nenes de sis\u00e8 hem preparat un telenot\u00edcies amb not\u00edcies que hem creat.<\/span><\/p>\n<p>&nbsp;<\/p>\n<p><span style=\"font-weight: 400\">Aquest projecte el vam comen\u00e7ar a fer a les vacances d\u2019estiu, redactant not\u00edcies que estaven passant al nostre voltant. A l\u2019arribar a l\u2019escola vam repassar les caracter\u00edstiques de la not\u00edcia per poder millorar-les i penjar-les al \u201cclassroom\u201d per qu\u00e8 ens les corregeixin. Un cop fet aix\u00f2, el seg\u00fcent que vam fer va ser comen\u00e7ar a preparar el telenot\u00edcies amb els grups de taula. Per aconseguir-ho vam ajuntar totes les not\u00edcies del grup per transformar-les fent un gui\u00f3 per organitzar els passos i les not\u00edcies. Finalment vam assajar conjuntament per poder gravar el telenot\u00edcies.<\/span><\/p>\n<p>&nbsp;<\/p>\n<p><span style=\"font-weight: 400\">Generalment l\u2019activitat ens ha agradat perqu\u00e8 ha sigut divertida perqu\u00e8 hem treballat cooperativament i aix\u00f2 ens permet compartir idees i aprendre m\u00e9s que quan ho fem nom\u00e9s individualment.\u00a0<\/span><\/p>\n<p>&nbsp;<\/p>\n<p><span style=\"font-weight: 400\">Esperem que us agradin molt els nostres telenot\u00edcies i fins aviat!<\/span><\/p>\n<p>&nbsp;<\/p>\n<p><span style=\"font-weight: 400\">Els i les alumnes de sis\u00e8.<\/span><\/p>\n<p>&nbsp;<\/p>\n<p><iframe loading=\"lazy\" title=\"TN   LIAM, KIRILL, ANGEL, ... (6\u00e8 B)\" width=\"500\" height=\"281\" src=\"https:\/\/www.youtube.com\/embed\/4Ae6huWf3eI?feature=oembed\" frameborder=\"0\" allow=\"accelerometer; autoplay; clipboard-write; encrypted-media; gyroscope; picture-in-picture; web-share\" referrerpolicy=\"strict-origin-when-cross-origin\" allowfullscreen><\/iframe><\/p>\n<p><iframe loading=\"lazy\" title=\"TN PAULA, MATHIAS, BERTA (6\u00e8 B)\" width=\"500\" height=\"281\" src=\"https:\/\/www.youtube.com\/embed\/laL0SRMAuDY?feature=oembed\" frameborder=\"0\" allow=\"accelerometer; autoplay; clipboard-write; encrypted-media; gyroscope; picture-in-picture; web-share\" referrerpolicy=\"strict-origin-when-cross-origin\" allowfullscreen><\/iframe><\/p>\n<p><iframe loading=\"lazy\" title=\"TN Lucia Nayara Marta Ricardo\" width=\"500\" height=\"281\" src=\"https:\/\/www.youtube.com\/embed\/TMiKFkEChe8?feature=oembed\" frameborder=\"0\" allow=\"accelerometer; autoplay; clipboard-write; encrypted-media; gyroscope; picture-in-picture; web-share\" referrerpolicy=\"strict-origin-when-cross-origin\" allowfullscreen><\/iframe><\/p>\n<p><iframe loading=\"lazy\" title=\"TN Joana Minerva Thiago Noelia\" width=\"500\" height=\"281\" src=\"https:\/\/www.youtube.com\/embed\/riUquN8TrEc?feature=oembed\" frameborder=\"0\" allow=\"accelerometer; autoplay; clipboard-write; encrypted-media; gyroscope; picture-in-picture; web-share\" referrerpolicy=\"strict-origin-when-cross-origin\" allowfullscreen><\/iframe><\/p>\n<p><iframe loading=\"lazy\" title=\"TN J\u00falia Iker\" width=\"500\" height=\"281\" src=\"https:\/\/www.youtube.com\/embed\/i8WvnyZyS6A?feature=oembed\" frameborder=\"0\" allow=\"accelerometer; autoplay; clipboard-write; encrypted-media; gyroscope; picture-in-picture; web-share\" referrerpolicy=\"strict-origin-when-cross-origin\" allowfullscreen><\/iframe><\/p>\n<p><iframe loading=\"lazy\" title=\"TN Ismael Lorena Albert \u00c0lex\" width=\"500\" height=\"281\" src=\"https:\/\/www.youtube.com\/embed\/gV0zKuwPskk?feature=oembed\" frameborder=\"0\" allow=\"accelerometer; autoplay; clipboard-write; encrypted-media; gyroscope; picture-in-picture; web-share\" referrerpolicy=\"strict-origin-when-cross-origin\" allowfullscreen><\/iframe><\/p>\n<p><iframe loading=\"lazy\" title=\"TN Carlos \u00c0lex Vega \u00c0lex\" width=\"500\" height=\"281\" src=\"https:\/\/www.youtube.com\/embed\/Ej9CMHOF4qo?feature=oembed\" frameborder=\"0\" allow=\"accelerometer; autoplay; clipboard-write; encrypted-media; gyroscope; picture-in-picture; web-share\" referrerpolicy=\"strict-origin-when-cross-origin\" allowfullscreen><\/iframe><\/p>\n<p><iframe loading=\"lazy\" title=\"TN Ivette Daniel Julen Samuel\" width=\"500\" height=\"281\" src=\"https:\/\/www.youtube.com\/embed\/xSsOX8zAesU?feature=oembed\" frameborder=\"0\" allow=\"accelerometer; autoplay; clipboard-write; encrypted-media; gyroscope; picture-in-picture; web-share\" referrerpolicy=\"strict-origin-when-cross-origin\" allowfullscreen><\/iframe><\/p>\n<p><iframe loading=\"lazy\" title=\"TN Mauro, Judith, Eric, Nayara( 6\u00e8 B)\" width=\"500\" height=\"281\" src=\"https:\/\/www.youtube.com\/embed\/X3IbNtu2HLE?feature=oembed\" frameborder=\"0\" allow=\"accelerometer; autoplay; clipboard-write; encrypted-media; gyroscope; picture-in-picture; web-share\" referrerpolicy=\"strict-origin-when-cross-origin\" allowfullscreen><\/iframe><\/p>\n<p><iframe loading=\"lazy\" title=\"TN J\u00falia, Iris, Ainhoa i Carlos (6\u00e8 B)\" width=\"500\" height=\"281\" src=\"https:\/\/www.youtube.com\/embed\/8RHYZQcwj6k?feature=oembed\" frameborder=\"0\" allow=\"accelerometer; autoplay; clipboard-write; encrypted-media; gyroscope; picture-in-picture; web-share\" referrerpolicy=\"strict-origin-when-cross-origin\" allowfullscreen><\/iframe><\/p>\n<p><iframe loading=\"lazy\" title=\"TN LAIA, LAURA AITOR ARNAU (6\u00e8)\" width=\"500\" height=\"281\" src=\"https:\/\/www.youtube.com\/embed\/tAiNMHXGzxo?feature=oembed\" frameborder=\"0\" allow=\"accelerometer; autoplay; clipboard-write; encrypted-media; gyroscope; picture-in-picture; web-share\" referrerpolicy=\"strict-origin-when-cross-origin\" allowfullscreen><\/iframe><\/p>\n<p><iframe loading=\"lazy\" title=\"TN ERIK, TANIA, LUIS  CLAUDIA (6\u00e8 B)\" width=\"500\" height=\"281\" src=\"https:\/\/www.youtube.com\/embed\/TBLCTImrCoU?feature=oembed\" frameborder=\"0\" allow=\"accelerometer; autoplay; clipboard-write; encrypted-media; gyroscope; picture-in-picture; web-share\" referrerpolicy=\"strict-origin-when-cross-origin\" allowfullscreen><\/iframe><\/p>\n","protected":false},"excerpt":{"rendered":"<p>Els nens i nenes de sis\u00e8 hem preparat un telenot\u00edcies amb not\u00edcies que hem creat.<br \/>\n&nbsp;<br \/>\nAquest projecte el vam comen\u00e7ar a fer a les vacances d\u2019estiu, redactant not\u00edcies que estaven passant al nostre voltant. A l\u2019arribar a l\u2019escola vam repassar les caracter\u00edstiques de la not\u00edcia per&hellip;  <a href=\"https:\/\/agora.xtec.cat\/ceipsab\/primaria\/cicle-superior\/6e\/telenoticies\/\" title=\"Read Telenot\u00edcies.\">Llegeix m\u00e9s\u00bb<\/a><\/p>\n","protected":false},"author":1,"featured_media":0,"comment_status":"open","ping_status":"closed","sticky":false,"template":"","format":"standard","meta":{"_bbp_topic_count":0,"_bbp_reply_count":0,"_bbp_total_topic_count":0,"_bbp_total_reply_count":0,"_bbp_voice_count":0,"_bbp_anonymous_reply_count":0,"_bbp_topic_count_hidden":0,"_bbp_reply_count_hidden":0,"_bbp_forum_subforum_count":0,"footnotes":""},"categories":[15],"tags":[],"class_list":["post-6825","post","type-post","status-publish","format-standard","hentry","category-6e"],"post_mailing_queue_ids":[],"_links":{"self":[{"href":"https:\/\/agora.xtec.cat\/ceipsab\/wp-json\/wp\/v2\/posts\/6825","targetHints":{"allow":["GET"]}}],"collection":[{"href":"https:\/\/agora.xtec.cat\/ceipsab\/wp-json\/wp\/v2\/posts"}],"about":[{"href":"https:\/\/agora.xtec.cat\/ceipsab\/wp-json\/wp\/v2\/types\/post"}],"author":[{"embeddable":true,"href":"https:\/\/agora.xtec.cat\/ceipsab\/wp-json\/wp\/v2\/users\/1"}],"replies":[{"embeddable":true,"href":"https:\/\/agora.xtec.cat\/ceipsab\/wp-json\/wp\/v2\/comments?post=6825"}],"version-history":[{"count":3,"href":"https:\/\/agora.xtec.cat\/ceipsab\/wp-json\/wp\/v2\/posts\/6825\/revisions"}],"predecessor-version":[{"id":6828,"href":"https:\/\/agora.xtec.cat\/ceipsab\/wp-json\/wp\/v2\/posts\/6825\/revisions\/6828"}],"wp:attachment":[{"href":"https:\/\/agora.xtec.cat\/ceipsab\/wp-json\/wp\/v2\/media?parent=6825"}],"wp:term":[{"taxonomy":"category","embeddable":true,"href":"https:\/\/agora.xtec.cat\/ceipsab\/wp-json\/wp\/v2\/categories?post=6825"},{"taxonomy":"post_tag","embeddable":true,"href":"https:\/\/agora.xtec.cat\/ceipsab\/wp-json\/wp\/v2\/tags?post=6825"}],"curies":[{"name":"wp","href":"https:\/\/api.w.org\/{rel}","templated":true}]}}