{"id":6821,"date":"2020-11-25T23:22:16","date_gmt":"2020-11-25T22:22:16","guid":{"rendered":"http:\/\/agora.xtec.cat\/ceipsab\/?p=6821"},"modified":"2020-12-21T21:32:19","modified_gmt":"2020-12-21T20:32:19","slug":"larbre-de-la-tardor","status":"publish","type":"post","link":"https:\/\/agora.xtec.cat\/ceipsab\/educacio-infantil\/p5\/larbre-de-la-tardor\/","title":{"rendered":"L&#8217;ARBRE DE LA TARDOR"},"content":{"rendered":"<p>A les sessions de pl\u00e0stica hem fet un arbre molt especial. \u00c9s un arbre a l&#8217;estaci\u00f3 de la tardor i hem fet servir la silueta del nostre bra\u00e7 i la nostra m\u00e0 per poder-lo realitzar. Voleu veure el proc\u00e9s?<\/p>\n<p><a href=\"https:\/\/photos.app.goo.gl\/8TLhUThpm1z7pPWW7\"><img loading=\"lazy\" decoding=\"async\" class=\"wp-image-6822 aligncenter\" src=\"https:\/\/agora.xtec.cat\/ceipsab\/wp-content\/uploads\/usu1011\/2020\/11\/IMG_20191202_162617.jpg\" alt=\"\" width=\"167\" height=\"223\" srcset=\"https:\/\/agora.xtec.cat\/ceipsab\/wp-content\/uploads\/usu1011\/2020\/11\/IMG_20191202_162617.jpg 234w, https:\/\/agora.xtec.cat\/ceipsab\/wp-content\/uploads\/usu1011\/2020\/11\/IMG_20191202_162617-225x300.jpg 225w\" sizes=\"auto, (max-width: 167px) 100vw, 167px\" \/><\/a><\/p>\n","protected":false},"excerpt":{"rendered":"<p>A les sessions de pl\u00e0stica hem fet un arbre molt especial. \u00c9s un arbre a l&#8217;estaci\u00f3 de la tardor i hem fet servir la silueta del nostre bra\u00e7 i la nostra m\u00e0 per poder-lo realitzar. Voleu veure el proc\u00e9s?<br \/>\n<a href=\"https:\/\/photos.app.goo.gl\/8TLhUThpm1z7pPWW7\"><\/a><\/p>\n","protected":false},"author":25,"featured_media":6822,"comment_status":"open","ping_status":"closed","sticky":false,"template":"","format":"standard","meta":{"_bbp_topic_count":0,"_bbp_reply_count":0,"_bbp_total_topic_count":0,"_bbp_total_reply_count":0,"_bbp_voice_count":0,"_bbp_anonymous_reply_count":0,"_bbp_topic_count_hidden":0,"_bbp_reply_count_hidden":0,"_bbp_forum_subforum_count":0,"footnotes":""},"categories":[9],"tags":[226,17,193],"class_list":["post-6821","post","type-post","status-publish","format-standard","has-post-thumbnail","hentry","category-p5","tag-p5","tag-plastica","tag-tardor"],"post_mailing_queue_ids":[],"_links":{"self":[{"href":"https:\/\/agora.xtec.cat\/ceipsab\/wp-json\/wp\/v2\/posts\/6821","targetHints":{"allow":["GET"]}}],"collection":[{"href":"https:\/\/agora.xtec.cat\/ceipsab\/wp-json\/wp\/v2\/posts"}],"about":[{"href":"https:\/\/agora.xtec.cat\/ceipsab\/wp-json\/wp\/v2\/types\/post"}],"author":[{"embeddable":true,"href":"https:\/\/agora.xtec.cat\/ceipsab\/wp-json\/wp\/v2\/users\/25"}],"replies":[{"embeddable":true,"href":"https:\/\/agora.xtec.cat\/ceipsab\/wp-json\/wp\/v2\/comments?post=6821"}],"version-history":[{"count":1,"href":"https:\/\/agora.xtec.cat\/ceipsab\/wp-json\/wp\/v2\/posts\/6821\/revisions"}],"predecessor-version":[{"id":6823,"href":"https:\/\/agora.xtec.cat\/ceipsab\/wp-json\/wp\/v2\/posts\/6821\/revisions\/6823"}],"wp:featuredmedia":[{"embeddable":true,"href":"https:\/\/agora.xtec.cat\/ceipsab\/wp-json\/wp\/v2\/media\/6822"}],"wp:attachment":[{"href":"https:\/\/agora.xtec.cat\/ceipsab\/wp-json\/wp\/v2\/media?parent=6821"}],"wp:term":[{"taxonomy":"category","embeddable":true,"href":"https:\/\/agora.xtec.cat\/ceipsab\/wp-json\/wp\/v2\/categories?post=6821"},{"taxonomy":"post_tag","embeddable":true,"href":"https:\/\/agora.xtec.cat\/ceipsab\/wp-json\/wp\/v2\/tags?post=6821"}],"curies":[{"name":"wp","href":"https:\/\/api.w.org\/{rel}","templated":true}]}}