{"id":6727,"date":"2020-11-12T10:50:25","date_gmt":"2020-11-12T09:50:25","guid":{"rendered":"http:\/\/agora.xtec.cat\/ceipsab\/?p=6727"},"modified":"2020-11-12T10:50:25","modified_gmt":"2020-11-12T09:50:25","slug":"6e-viu-un-halloween-diferent","status":"publish","type":"post","link":"https:\/\/agora.xtec.cat\/ceipsab\/primaria\/cicle-superior\/6e\/6e-viu-un-halloween-diferent\/","title":{"rendered":"6\u00e8 VIU UN HALLOWEEN DIFERENT"},"content":{"rendered":"<p>Aquest any, les i els alumnes de 6\u00e8, hem celebrat un Halloween diferent per\u00f2, no han faltat les nostres disfresses terror\u00edfiques i\u00a0 originals, aix\u00f2 si, adaptades a la nova actualitat.<\/p>\n<p>Per celebrar aquest dia tant especial, ens vam fer unes fotografies molt divertides a la classe i vam baixar a jugar i ballar al pati.<\/p>\n<p>Quan vam tornar, l&#8217;AMPA ens tenia una sorpresa virtual preparada: UNS VIDEOS!!! Aquests v\u00eddeos van ser &#8220;terror\u00edfics &#8220;per\u00f2, tamb\u00e9 ens van fer riure molt!! Al final del v\u00eddeo, hi havia un ball i nosaltres tamb\u00e9 ens vam animar!<\/p>\n<p>Si voleu veure com ens ho hem passat,&#8230; clickeu i mireu, !<\/p>\n<p>Escrit per les i els alumnes de 6\u00e8<\/p>\n<p><a href=\"https:\/\/photos.app.goo.gl\/CZYbLyxjExXn44Qo7\"><img loading=\"lazy\" decoding=\"async\" class=\"alignnone size-large wp-image-6728\" src=\"https:\/\/agora.xtec.cat\/ceipsab\/wp-content\/uploads\/usu1011\/2020\/11\/IMG_20201030_145605-1024x768.jpg\" alt=\"\" width=\"1024\" height=\"768\" srcset=\"https:\/\/agora.xtec.cat\/ceipsab\/wp-content\/uploads\/usu1011\/2020\/11\/IMG_20201030_145605-1024x768.jpg 1024w, https:\/\/agora.xtec.cat\/ceipsab\/wp-content\/uploads\/usu1011\/2020\/11\/IMG_20201030_145605-300x225.jpg 300w, https:\/\/agora.xtec.cat\/ceipsab\/wp-content\/uploads\/usu1011\/2020\/11\/IMG_20201030_145605-768x576.jpg 768w, https:\/\/agora.xtec.cat\/ceipsab\/wp-content\/uploads\/usu1011\/2020\/11\/IMG_20201030_145605-200x150.jpg 200w\" sizes=\"auto, (max-width: 1024px) 100vw, 1024px\" \/><\/a><strong>V\u00cdDEOS<\/strong><\/p>\n<p>&nbsp;<\/p>\n<p>&nbsp;<\/p>\n<p><a href=\"https:\/\/youtu.be\/7szQf23MCsY\">https:\/\/youtu.be\/7szQf23MCsY<\/a><\/p>\n<p><a href=\"https:\/\/youtu.be\/kXV__JD01pE\">https:\/\/youtu.be\/kXV__JD01pE<\/a><\/p>\n<p><a href=\"https:\/\/youtu.be\/Qe30rnKnIPc\">https:\/\/youtu.be\/Qe30rnKnIPc<\/a><\/p>\n<p>&nbsp;<\/p>\n<p>&nbsp;<\/p>\n","protected":false},"excerpt":{"rendered":"<p>Aquest any, les i els alumnes de 6\u00e8, hem celebrat un Halloween diferent per\u00f2, no han faltat les nostres disfresses terror\u00edfiques i\u00a0 originals, aix\u00f2 si, adaptades a la nova actualitat.<br \/>\nPer celebrar aquest dia tant especial, ens vam fer unes fotografies molt divertides a la classe&hellip;  <a href=\"https:\/\/agora.xtec.cat\/ceipsab\/primaria\/cicle-superior\/6e\/6e-viu-un-halloween-diferent\/\" title=\"Read 6\u00e8 VIU UN HALLOWEEN DIFERENT\">Llegeix m\u00e9s\u00bb<\/a><\/p>\n","protected":false},"author":51,"featured_media":6728,"comment_status":"open","ping_status":"closed","sticky":false,"template":"","format":"standard","meta":{"_bbp_topic_count":0,"_bbp_reply_count":0,"_bbp_total_topic_count":0,"_bbp_total_reply_count":0,"_bbp_voice_count":0,"_bbp_anonymous_reply_count":0,"_bbp_topic_count_hidden":0,"_bbp_reply_count_hidden":0,"_bbp_forum_subforum_count":0,"footnotes":""},"categories":[15],"tags":[],"class_list":["post-6727","post","type-post","status-publish","format-standard","has-post-thumbnail","hentry","category-6e"],"post_mailing_queue_ids":[],"_links":{"self":[{"href":"https:\/\/agora.xtec.cat\/ceipsab\/wp-json\/wp\/v2\/posts\/6727","targetHints":{"allow":["GET"]}}],"collection":[{"href":"https:\/\/agora.xtec.cat\/ceipsab\/wp-json\/wp\/v2\/posts"}],"about":[{"href":"https:\/\/agora.xtec.cat\/ceipsab\/wp-json\/wp\/v2\/types\/post"}],"author":[{"embeddable":true,"href":"https:\/\/agora.xtec.cat\/ceipsab\/wp-json\/wp\/v2\/users\/51"}],"replies":[{"embeddable":true,"href":"https:\/\/agora.xtec.cat\/ceipsab\/wp-json\/wp\/v2\/comments?post=6727"}],"version-history":[{"count":3,"href":"https:\/\/agora.xtec.cat\/ceipsab\/wp-json\/wp\/v2\/posts\/6727\/revisions"}],"predecessor-version":[{"id":6741,"href":"https:\/\/agora.xtec.cat\/ceipsab\/wp-json\/wp\/v2\/posts\/6727\/revisions\/6741"}],"wp:featuredmedia":[{"embeddable":true,"href":"https:\/\/agora.xtec.cat\/ceipsab\/wp-json\/wp\/v2\/media\/6728"}],"wp:attachment":[{"href":"https:\/\/agora.xtec.cat\/ceipsab\/wp-json\/wp\/v2\/media?parent=6727"}],"wp:term":[{"taxonomy":"category","embeddable":true,"href":"https:\/\/agora.xtec.cat\/ceipsab\/wp-json\/wp\/v2\/categories?post=6727"},{"taxonomy":"post_tag","embeddable":true,"href":"https:\/\/agora.xtec.cat\/ceipsab\/wp-json\/wp\/v2\/tags?post=6727"}],"curies":[{"name":"wp","href":"https:\/\/api.w.org\/{rel}","templated":true}]}}