{"id":6704,"date":"2020-11-05T13:03:52","date_gmt":"2020-11-05T12:03:52","guid":{"rendered":"http:\/\/agora.xtec.cat\/ceipsab\/?p=6704"},"modified":"2020-11-25T09:27:59","modified_gmt":"2020-11-25T08:27:59","slug":"fem-racons-2","status":"publish","type":"post","link":"https:\/\/agora.xtec.cat\/ceipsab\/educacio-infantil\/p3\/fem-racons-2\/","title":{"rendered":"FEM RACONS!"},"content":{"rendered":"<p>Hola fam\u00edlies!<\/p>\n<p>Els nens i nenes de P3 hem comen\u00e7at a fer racons de treball. Ens agraden molt\u00edssim!<\/p>\n<p>Podem escollir entre 5 racons diferents: llengua, matem\u00e0tiques, experimentaci\u00f3, pl\u00e0stica i grafomotricitat.<\/p>\n<p>Ens voleu veure?<\/p>\n<p>P3A <em>(Clica a la imatge per veure m\u00e9s fotografies)<\/em><\/p>\n<p><a href=\"https:\/\/photos.app.goo.gl\/xhALZm5tKgcoQZfD8\"><img loading=\"lazy\" decoding=\"async\" class=\"\" src=\"https:\/\/lh3.googleusercontent.com\/0t3rbzDDdOOZccZuuyhy0zNtKRT24-6zqAS29SAm4WYdtUfaMXZfylOcArFffqn1NwGBbto17f_B50aoODpctiZ-UZKxCoZZT-5ONg3iP3kgdoo_zgRYUDS5aEnhnm2Bf3d6K6jGfV_VZTjbBE2pyhmG2O3SxE41o0fsln3E7H0tou-7G5grq7zYn0s-Jw7Qo5hstj0dCkVOtVlX36j5LuvTkEO4eg_suztiueHsBkTN8jbXsWaE8kftQcLMMTW2BmSc6ZhAB6ww0p1iHlGfkO71kCPoFZ49P6tQUlm7uYHE3raiyucPkNh8TG5loQ89sVR5czIuM8WjasretdFwp1Jjorv-teGZXGwoO9-btIhQmDPXplzz_KbmOA9ZNA0-eA1_vspVKmINx10BGpk1Zzb6arAQ0dX5kOWP9twLf1XsLea3k_hIqmmsbzBuX_epZCNMJrJACVL4U5vbRG2jd143TNAQt5AWPZqWU-feOPCg2K70aGJz1Lw-tU4YYCrV66u09CEdZnDNV9Xw3Mze9DlBof9PqmAWvbTNk50u8ukv7hddNhDLLRisKdww72ZrJ6HeUfXQDw3SnNDI5n_HKRULIV7NUpFP0pgssTEkrS0wzaKx7hfvM5VCSN0pauu-fsftQmFfgWALHy77x-RBKsMgUkI0kRKo-g4gOfxemHjtm3-Oo3snDw71yPfC=w486-h647-no?authuser=1\" width=\"261\" height=\"349\" \/><\/a><\/p>\n<p>P3B <em>(Clica a la imatge per veure m\u00e9s fotografies)<\/em><\/p>\n<p><a href=\"https:\/\/photos.app.goo.gl\/YaZ5zegvX1TzPyVd8\"><img loading=\"lazy\" decoding=\"async\" class=\"\" src=\"https:\/\/lh3.googleusercontent.com\/yWDOGHtxfwaE3murb-U89Qyd0WCJKiCMXQf-48R6gHybxHSABE5z7rsXNB7Fan9bJm_DP4rwbbXCRwBNRaRJTqWbbRfhpg914kYBAQ4iadFcqHJnId3k8xjfmzqCQaljMRIKGVhqBu2vYvy4ClGltHVWZoKABUq8vb01mLZEcuJ53Aiby_87G1UHhMAeDrNgTN9RUlWsUwGkbHqyOkVrkKSMy7hjYR0eZGgqIZzHObGME4eqWA4vvz_qs7iQhUl4iHrPhxyHVyMwKIEgX-l2RaZfnoLViiJCayjPfP8QPX7MEGQe70nLVo2HtKlNIw9zFiOIZO1L3Q8RipnJbmizWRYqws0G4UPisEik4bO41whQ2VFhbcCZlMbuR93FXxMUSCqChObYxn3R2jywJD2HAeeBpb3zMMLWks7umWHMwLagOQt0yQG0cNTNxYWG2j8TENp6B64K__rJ9sHkviePoj_1K0MoDzdl_a_i2INKjSltC3665b64CfxDFGWMCxR6YBvlpVKL9S7awvfu_AQTF_3TU2zHJ8NfvyMv6aip6berVB57EOgVC95gabjBf5cwK8NscDJDt_ZIoOPixUVMDifD1PobXPmQ2DTct9Bdd4mNiPCJSlsRHHSnEMGQ-9biWeKz0H3ggyqNl2MMOoVON5Zm051nTYbgu747zPk0UvHVBA2sGA0cWALwK1GV=w863-h647-no?authuser=1\" width=\"267\" height=\"200\" \/><\/a><\/p>\n<p>&nbsp;<\/p>\n","protected":false},"excerpt":{"rendered":"<p>Hola fam\u00edlies!<br \/>\nEls nens i nenes de P3 hem comen\u00e7at a fer racons de treball. Ens agraden molt\u00edssim!<br \/>\nPodem escollir entre 5 racons diferents: llengua, matem\u00e0tiques, experimentaci\u00f3, pl\u00e0stica i grafomotricitat.<br \/>\nEns voleu veure?<br \/>\nP3A (Clica a la imatge per veure m\u00e9s fotografies)<br \/>\n<a href=\"https:\/\/photos.app.goo.gl\/xhALZm5tKgcoQZfD8\"><\/a><br \/>\nP3B (Clica a la imatge per veure&hellip;  <a href=\"https:\/\/agora.xtec.cat\/ceipsab\/educacio-infantil\/p3\/fem-racons-2\/\" title=\"Read FEM RACONS!\">Llegeix m\u00e9s\u00bb<\/a><\/p>\n","protected":false},"author":1,"featured_media":3800,"comment_status":"open","ping_status":"closed","sticky":false,"template":"","format":"standard","meta":{"_bbp_topic_count":0,"_bbp_reply_count":0,"_bbp_total_topic_count":0,"_bbp_total_reply_count":0,"_bbp_voice_count":0,"_bbp_anonymous_reply_count":0,"_bbp_topic_count_hidden":0,"_bbp_reply_count_hidden":0,"_bbp_forum_subforum_count":0,"footnotes":""},"categories":[62,3],"tags":[],"class_list":["post-6704","post","type-post","status-publish","format-standard","has-post-thumbnail","hentry","category-educacio-infantil","category-p3"],"post_mailing_queue_ids":[],"_links":{"self":[{"href":"https:\/\/agora.xtec.cat\/ceipsab\/wp-json\/wp\/v2\/posts\/6704","targetHints":{"allow":["GET"]}}],"collection":[{"href":"https:\/\/agora.xtec.cat\/ceipsab\/wp-json\/wp\/v2\/posts"}],"about":[{"href":"https:\/\/agora.xtec.cat\/ceipsab\/wp-json\/wp\/v2\/types\/post"}],"author":[{"embeddable":true,"href":"https:\/\/agora.xtec.cat\/ceipsab\/wp-json\/wp\/v2\/users\/1"}],"replies":[{"embeddable":true,"href":"https:\/\/agora.xtec.cat\/ceipsab\/wp-json\/wp\/v2\/comments?post=6704"}],"version-history":[{"count":1,"href":"https:\/\/agora.xtec.cat\/ceipsab\/wp-json\/wp\/v2\/posts\/6704\/revisions"}],"predecessor-version":[{"id":6705,"href":"https:\/\/agora.xtec.cat\/ceipsab\/wp-json\/wp\/v2\/posts\/6704\/revisions\/6705"}],"wp:featuredmedia":[{"embeddable":true,"href":"https:\/\/agora.xtec.cat\/ceipsab\/wp-json\/wp\/v2\/media\/3800"}],"wp:attachment":[{"href":"https:\/\/agora.xtec.cat\/ceipsab\/wp-json\/wp\/v2\/media?parent=6704"}],"wp:term":[{"taxonomy":"category","embeddable":true,"href":"https:\/\/agora.xtec.cat\/ceipsab\/wp-json\/wp\/v2\/categories?post=6704"},{"taxonomy":"post_tag","embeddable":true,"href":"https:\/\/agora.xtec.cat\/ceipsab\/wp-json\/wp\/v2\/tags?post=6704"}],"curies":[{"name":"wp","href":"https:\/\/api.w.org\/{rel}","templated":true}]}}