{"id":6686,"date":"2020-10-30T21:21:58","date_gmt":"2020-10-30T20:21:58","guid":{"rendered":"http:\/\/agora.xtec.cat\/ceipsab\/?p=6686"},"modified":"2020-10-30T21:21:58","modified_gmt":"2020-10-30T20:21:58","slug":"celebrem-la-castanyada-2","status":"publish","type":"post","link":"https:\/\/agora.xtec.cat\/ceipsab\/educacio-infantil\/p3\/celebrem-la-castanyada-2\/","title":{"rendered":"CELEBREM LA CASTANYADA"},"content":{"rendered":"<p>Hola fam\u00edlies!<\/p>\n<p>Els nens i nenes de P3 hem celebrat la Castanyada a l&#8217;escola.\u00a0 Tots hem vingut a l&#8217;escola disfressats de castanyers i castanyeres! Est\u00e0vem tots molt macos!<\/p>\n<p>La Castanyera i el Castanyer ens han fet una visita virtual i els hem pogut veure des de l&#8217;ordinador! Estaven molt enfeinats collint castanyes a la muntanya!<\/p>\n<p>Despr\u00e9s, per torns, hem sortit al pati a ballar amb una mica de m\u00fasica! Ens ho hem passat molt b\u00e9!<\/p>\n<p>Ens voleu veure?<\/p>\n<p>P3A (<em> Cliqueu a la imatge per veure m\u00e9s fotografies)<\/em><\/p>\n<p><a href=\"https:\/\/photos.app.goo.gl\/udfzUTgT6F4ovVcj9\"><img loading=\"lazy\" decoding=\"async\" class=\"\" src=\"https:\/\/lh3.googleusercontent.com\/ujF1n0Cn99ibMZTV1D1ubBD5jvB8K9O_YVRUtPQv5FFX4orW1FvNJetRALNTzmazAihz0Truuv6tGAdywHf_1OkRoiCK_C7ThcovDgyCrjSvROuG1Mg2cuEn5AEFGQ_njLSIgaha1ZYFLHlor1LAhfkxWcBbB8ozHD3LsM9bo0zc4bhqroG42daJ1P_ASi7j5-vWNaU-r77y2h4NJB66E6cHqwALVeaDOuPBpS8nIsjc3HL1Heb4C216YBMJ2yZi0H7K7GB0VIWox9NuJBK7pW8ItEYdTa7auc2FUgbw9UC_cZhNIOX2lvQzYVXcDQTrRv3oOoUID0mLaEvrf8ecTdgG4G427xHgqZTyGfz5fzNb27oIZQxZWsKGwSU7oF8uUaShHSbWsld-y7WlTGEpBREpZ2Iocz3_iOMK8By8biBdxf5qvmw_pCDVG5pGIUibpcuf_d9-xS9HEEmAGsxZA6Wbt3bCuqWo7K_W4-NoBKoQrj8wsOBCXHodbiNEmEnxPLxp4wnYOK4aQSe71ibuTiu4lofNYGlDA_YqNfR3Aq1T8g_2WuaHIfgjsMbtYsaSZeYsPwBLuKgmpfpNB46rRjcnd_LZ0GrGMMMSqbtOa4zOMCzgdg73Y4je8a1vcIcqXXamVrpLNB4OIu9WtrfaIfa4nwe0t94IsaIFhv1poNcEGtxqIeSVpwK3mwes=w923-h657-no?authuser=2\" width=\"481\" height=\"342\" \/><\/a><\/p>\n<p>P3B (<em> Cliqueu a la imatge per veure m\u00e9s fotografies)<\/em><\/p>\n<p><a href=\"https:\/\/photos.app.goo.gl\/bS7y6Wb3fLxeEJD57\"><img loading=\"lazy\" decoding=\"async\" class=\"\" src=\"https:\/\/lh3.googleusercontent.com\/Q7w7ZbgZOudJIeqte3Zr24pSDunu78ppXnRhnll5OUKcTo4UeHi19eeqjJyVdDyErpMyQzWEqHKTTgFrhKzdx-OkbBatTcoENzThIzcX5vh43jEFHJOA9Y-EG7xjOmBI-1V1hggXCaiVb4VhBowIvWMOp4F3L3jA-fJ6DhKMWUjErIsQL7LQBYW_-fPTuUogg-Ne_VGBtCWdREnzhgLZ39hbcxLChLbnulrSJEVBDVEkwy5imD5suzmVhS-tjU2oKdulniIHYINh_HULZura98MOIHyhIKiMI8c_0JwT0Xk_XgJ4T8a-tpbyL07xWWYdlLE_u6mEpakw6poudl9bse4cr4sdCEG-UOwXUtjQwP6ntmcD1QHrkqKzeoX3cRTu6tZcLQ2r2nbnEIa3s1UFdcA6eJ5BdnwXyg_D9vAnfpjLc06eqXS5X2k_nBlEupwfYiO6JJRy--EiOi67rnKWOr0LJmSDOtaswS0-sB48i4Tc1OkdI7NFFfZL4AvjbKWdujFxlN7Vr94KpfhzqwhKQjqexO0-EzL_QSWjtgHfdd8xDu-cqDB-7JLyYQUJl1VbLeBlajcnjX8lIcmoJczR9F099a-kbCw7MdFr_ZQgwvC0e0fC_CE_L725aDoU_HleI_IGoi3AD2450ArLHw8wAqcBsgBgp0ugOBwMuC8iLuTCTzqFPEua54zVHd-B=w876-h657-no?authuser=2\" width=\"474\" height=\"355\" \/><\/a><\/p>\n<p>&nbsp;<\/p>\n","protected":false},"excerpt":{"rendered":"<p>Hola fam\u00edlies!<br \/>\nEls nens i nenes de P3 hem celebrat la Castanyada a l&#8217;escola.\u00a0 Tots hem vingut a l&#8217;escola disfressats de castanyers i castanyeres! Est\u00e0vem tots molt macos!<br \/>\nLa Castanyera i el Castanyer ens han fet una visita virtual i els hem pogut veure des de l&#8217;ordinador!&hellip;  <a href=\"https:\/\/agora.xtec.cat\/ceipsab\/educacio-infantil\/p3\/celebrem-la-castanyada-2\/\" title=\"Read CELEBREM LA CASTANYADA\">Llegeix m\u00e9s\u00bb<\/a><\/p>\n","protected":false},"author":1,"featured_media":6683,"comment_status":"open","ping_status":"closed","sticky":false,"template":"","format":"standard","meta":{"_bbp_topic_count":0,"_bbp_reply_count":0,"_bbp_total_topic_count":0,"_bbp_total_reply_count":0,"_bbp_voice_count":0,"_bbp_anonymous_reply_count":0,"_bbp_topic_count_hidden":0,"_bbp_reply_count_hidden":0,"_bbp_forum_subforum_count":0,"footnotes":""},"categories":[62,3],"tags":[],"class_list":["post-6686","post","type-post","status-publish","format-standard","has-post-thumbnail","hentry","category-educacio-infantil","category-p3"],"post_mailing_queue_ids":[],"_links":{"self":[{"href":"https:\/\/agora.xtec.cat\/ceipsab\/wp-json\/wp\/v2\/posts\/6686","targetHints":{"allow":["GET"]}}],"collection":[{"href":"https:\/\/agora.xtec.cat\/ceipsab\/wp-json\/wp\/v2\/posts"}],"about":[{"href":"https:\/\/agora.xtec.cat\/ceipsab\/wp-json\/wp\/v2\/types\/post"}],"author":[{"embeddable":true,"href":"https:\/\/agora.xtec.cat\/ceipsab\/wp-json\/wp\/v2\/users\/1"}],"replies":[{"embeddable":true,"href":"https:\/\/agora.xtec.cat\/ceipsab\/wp-json\/wp\/v2\/comments?post=6686"}],"version-history":[{"count":1,"href":"https:\/\/agora.xtec.cat\/ceipsab\/wp-json\/wp\/v2\/posts\/6686\/revisions"}],"predecessor-version":[{"id":6687,"href":"https:\/\/agora.xtec.cat\/ceipsab\/wp-json\/wp\/v2\/posts\/6686\/revisions\/6687"}],"wp:featuredmedia":[{"embeddable":true,"href":"https:\/\/agora.xtec.cat\/ceipsab\/wp-json\/wp\/v2\/media\/6683"}],"wp:attachment":[{"href":"https:\/\/agora.xtec.cat\/ceipsab\/wp-json\/wp\/v2\/media?parent=6686"}],"wp:term":[{"taxonomy":"category","embeddable":true,"href":"https:\/\/agora.xtec.cat\/ceipsab\/wp-json\/wp\/v2\/categories?post=6686"},{"taxonomy":"post_tag","embeddable":true,"href":"https:\/\/agora.xtec.cat\/ceipsab\/wp-json\/wp\/v2\/tags?post=6686"}],"curies":[{"name":"wp","href":"https:\/\/api.w.org\/{rel}","templated":true}]}}