{"id":6682,"date":"2020-10-31T11:56:46","date_gmt":"2020-10-31T10:56:46","guid":{"rendered":"http:\/\/agora.xtec.cat\/ceipsab\/?p=6682"},"modified":"2020-10-31T12:04:10","modified_gmt":"2020-10-31T11:04:10","slug":"una-castanyada-diferent","status":"publish","type":"post","link":"https:\/\/agora.xtec.cat\/ceipsab\/portada\/una-castanyada-diferent\/","title":{"rendered":"A 2n VIVIM UNA CASTANYADA &#8220;DIFERENT&#8221;"},"content":{"rendered":"<p>Tots i totes sab\u00cdem que aquest any seria un curs molt especial.<\/p>\n<p>Un any on aix\u00f2 tan petit que ni el podem veure i que li hem posat de nom COVID 19 voldria decidir que \u00e9s lo que hem de fer.<\/p>\n<p>Per\u00f2 nosaltres que som superherois hem decidit que no ser\u00e0 aix\u00ed, que volem celebrar les nostres festes encara que no sigui de la mateixa manera que ho hem fet fins ara.<\/p>\n<p>Doncs aqu\u00ed tenim la primera d&#8217;elles, avui hem celebrat La Castanyada i Halloween.<\/p>\n<p>La nostra estimada Castanyera i el nostre estimat Castanyer no han pogut venir a l&#8217;escola perqu\u00e8 com que s\u00f3n molt vellets i havien de venir des d&#8217;una altra poblaci\u00f3, all\u00e0 a la muntanya, han preferit no apropar-se. Per\u00f2 com que tenien moltes ganes de veure&#8217;ns han parlat amb nosaltres per una video trucada de Whats App. Ens han explicat com es troben i ens han donat consells molt importants que hem de seguir en el dia a dia.<\/p>\n<p>Despr\u00e8s tots els nens i nens de segon hem anat al pati on hi havia m\u00fasica i hem pogut ballar una estoneta. No ens hem pogut juntar amb altres companys i companyes d&#8217;altres classes per\u00f2 ens ho hem passat molt b\u00e9<\/p>\n<p>Aqu\u00ed teniu unes quantes fotos. (cliqueu a la imatge)<\/p>\n<p>Visca La Castanyada i el Halloween<\/p>\n<p><a href=\"https:\/\/photos.app.goo.gl\/bxQ1YfB69eN8NAnY7\"><img loading=\"lazy\" decoding=\"async\" class=\"wp-image-6683 aligncenter\" src=\"https:\/\/agora.xtec.cat\/ceipsab\/wp-content\/uploads\/usu1011\/2020\/10\/cas-762x1024.jpg\" alt=\"\" width=\"405\" height=\"544\" srcset=\"https:\/\/agora.xtec.cat\/ceipsab\/wp-content\/uploads\/usu1011\/2020\/10\/cas-762x1024.jpg 762w, https:\/\/agora.xtec.cat\/ceipsab\/wp-content\/uploads\/usu1011\/2020\/10\/cas-223x300.jpg 223w, https:\/\/agora.xtec.cat\/ceipsab\/wp-content\/uploads\/usu1011\/2020\/10\/cas-768x1032.jpg 768w, https:\/\/agora.xtec.cat\/ceipsab\/wp-content\/uploads\/usu1011\/2020\/10\/cas.jpg 1191w\" sizes=\"auto, (max-width: 405px) 100vw, 405px\" \/><\/a><\/p>\n<p>&nbsp;<\/p>\n","protected":false},"excerpt":{"rendered":"<p>Tots i totes sab\u00cdem que aquest any seria un curs molt especial.<br \/>\nUn any on aix\u00f2 tan petit que ni el podem veure i que li hem posat de nom COVID 19 voldria decidir que \u00e9s lo que hem de fer.<br \/>\nPer\u00f2 nosaltres que som superherois hem&hellip;  <a href=\"https:\/\/agora.xtec.cat\/ceipsab\/portada\/una-castanyada-diferent\/\" title=\"Read A 2n VIVIM UNA CASTANYADA &#8220;DIFERENT&#8221;\">Llegeix m\u00e9s\u00bb<\/a><\/p>\n","protected":false},"author":1,"featured_media":6683,"comment_status":"open","ping_status":"closed","sticky":false,"template":"","format":"standard","meta":{"_bbp_topic_count":0,"_bbp_reply_count":0,"_bbp_total_topic_count":0,"_bbp_total_reply_count":0,"_bbp_voice_count":0,"_bbp_anonymous_reply_count":0,"_bbp_topic_count_hidden":0,"_bbp_reply_count_hidden":0,"_bbp_forum_subforum_count":0,"footnotes":""},"categories":[11,63,5,4],"tags":[],"class_list":["post-6682","post","type-post","status-publish","format-standard","has-post-thumbnail","hentry","category-2n","category-cicle-inicial","category-primaria","category-portada"],"post_mailing_queue_ids":[],"_links":{"self":[{"href":"https:\/\/agora.xtec.cat\/ceipsab\/wp-json\/wp\/v2\/posts\/6682","targetHints":{"allow":["GET"]}}],"collection":[{"href":"https:\/\/agora.xtec.cat\/ceipsab\/wp-json\/wp\/v2\/posts"}],"about":[{"href":"https:\/\/agora.xtec.cat\/ceipsab\/wp-json\/wp\/v2\/types\/post"}],"author":[{"embeddable":true,"href":"https:\/\/agora.xtec.cat\/ceipsab\/wp-json\/wp\/v2\/users\/1"}],"replies":[{"embeddable":true,"href":"https:\/\/agora.xtec.cat\/ceipsab\/wp-json\/wp\/v2\/comments?post=6682"}],"version-history":[{"count":3,"href":"https:\/\/agora.xtec.cat\/ceipsab\/wp-json\/wp\/v2\/posts\/6682\/revisions"}],"predecessor-version":[{"id":6691,"href":"https:\/\/agora.xtec.cat\/ceipsab\/wp-json\/wp\/v2\/posts\/6682\/revisions\/6691"}],"wp:featuredmedia":[{"embeddable":true,"href":"https:\/\/agora.xtec.cat\/ceipsab\/wp-json\/wp\/v2\/media\/6683"}],"wp:attachment":[{"href":"https:\/\/agora.xtec.cat\/ceipsab\/wp-json\/wp\/v2\/media?parent=6682"}],"wp:term":[{"taxonomy":"category","embeddable":true,"href":"https:\/\/agora.xtec.cat\/ceipsab\/wp-json\/wp\/v2\/categories?post=6682"},{"taxonomy":"post_tag","embeddable":true,"href":"https:\/\/agora.xtec.cat\/ceipsab\/wp-json\/wp\/v2\/tags?post=6682"}],"curies":[{"name":"wp","href":"https:\/\/api.w.org\/{rel}","templated":true}]}}