{"id":6526,"date":"2020-06-19T13:40:20","date_gmt":"2020-06-19T11:40:20","guid":{"rendered":"http:\/\/agora.xtec.cat\/ceipsab\/?p=6526"},"modified":"2020-06-19T13:40:40","modified_gmt":"2020-06-19T11:40:40","slug":"comiat-2019-2020","status":"publish","type":"post","link":"https:\/\/agora.xtec.cat\/ceipsab\/portada\/comiat-2019-2020\/","title":{"rendered":"COMIAT 6\u00e8 2019-2020"},"content":{"rendered":"<p>Els nostres alumnes de 6\u00e8 s&#8217;han fet grans. L&#8217;any vinent continuen els seus camins a diversos instituts. Marxen amb les butxaques plenes de viv\u00e8ncies, de records, d&#8217;emocions, d&#8217;amics i de relacions.<\/p>\n<p>No us diem ad\u00e9u sin\u00f3 arreveure, sempre estareu als nostres cors i aquesta sempre ser\u00e0 la vostra escola. Fins aviat<\/p>\n<p><iframe loading=\"lazy\" title=\"VIDEO GENERAL DEF 6\u00e8 19-20\" width=\"500\" height=\"281\" src=\"https:\/\/www.youtube.com\/embed\/uHX6mrJBCpY?feature=oembed\" frameborder=\"0\" allow=\"accelerometer; autoplay; clipboard-write; encrypted-media; gyroscope; picture-in-picture; web-share\" referrerpolicy=\"strict-origin-when-cross-origin\" allowfullscreen><\/iframe><\/p>\n<p><iframe loading=\"lazy\" title=\"comiat 6B\" width=\"500\" height=\"281\" src=\"https:\/\/www.youtube.com\/embed\/46ipaxUIYlA?feature=oembed\" frameborder=\"0\" allow=\"accelerometer; autoplay; clipboard-write; encrypted-media; gyroscope; picture-in-picture; web-share\" referrerpolicy=\"strict-origin-when-cross-origin\" allowfullscreen><\/iframe><\/p>\n<p><iframe loading=\"lazy\" title=\"comiat 6A\" width=\"500\" height=\"281\" src=\"https:\/\/www.youtube.com\/embed\/VOsWuzc4AK0?feature=oembed\" frameborder=\"0\" allow=\"accelerometer; autoplay; clipboard-write; encrypted-media; gyroscope; picture-in-picture; web-share\" referrerpolicy=\"strict-origin-when-cross-origin\" allowfullscreen><\/iframe><\/p>\n","protected":false},"excerpt":{"rendered":"<p>Els nostres alumnes de 6\u00e8 s&#8217;han fet grans. L&#8217;any vinent continuen els seus camins a diversos instituts. Marxen amb les butxaques plenes de viv\u00e8ncies, de records, d&#8217;emocions, d&#8217;amics i de relacions.<br \/>\nNo us diem ad\u00e9u sin\u00f3 arreveure, sempre estareu als nostres cors i aquesta sempre ser\u00e0&hellip;  <a href=\"https:\/\/agora.xtec.cat\/ceipsab\/portada\/comiat-2019-2020\/\" title=\"Read COMIAT 6\u00e8 2019-2020\">Llegeix m\u00e9s\u00bb<\/a><\/p>\n","protected":false},"author":3,"featured_media":6517,"comment_status":"open","ping_status":"closed","sticky":false,"template":"","format":"standard","meta":{"_bbp_topic_count":0,"_bbp_reply_count":0,"_bbp_total_topic_count":0,"_bbp_total_reply_count":0,"_bbp_voice_count":0,"_bbp_anonymous_reply_count":0,"_bbp_topic_count_hidden":0,"_bbp_reply_count_hidden":0,"_bbp_forum_subforum_count":0,"footnotes":""},"categories":[65,4],"tags":[],"class_list":["post-6526","post","type-post","status-publish","format-standard","has-post-thumbnail","hentry","category-cicle-superior","category-portada"],"post_mailing_queue_ids":[],"_links":{"self":[{"href":"https:\/\/agora.xtec.cat\/ceipsab\/wp-json\/wp\/v2\/posts\/6526","targetHints":{"allow":["GET"]}}],"collection":[{"href":"https:\/\/agora.xtec.cat\/ceipsab\/wp-json\/wp\/v2\/posts"}],"about":[{"href":"https:\/\/agora.xtec.cat\/ceipsab\/wp-json\/wp\/v2\/types\/post"}],"author":[{"embeddable":true,"href":"https:\/\/agora.xtec.cat\/ceipsab\/wp-json\/wp\/v2\/users\/3"}],"replies":[{"embeddable":true,"href":"https:\/\/agora.xtec.cat\/ceipsab\/wp-json\/wp\/v2\/comments?post=6526"}],"version-history":[{"count":2,"href":"https:\/\/agora.xtec.cat\/ceipsab\/wp-json\/wp\/v2\/posts\/6526\/revisions"}],"predecessor-version":[{"id":6528,"href":"https:\/\/agora.xtec.cat\/ceipsab\/wp-json\/wp\/v2\/posts\/6526\/revisions\/6528"}],"wp:featuredmedia":[{"embeddable":true,"href":"https:\/\/agora.xtec.cat\/ceipsab\/wp-json\/wp\/v2\/media\/6517"}],"wp:attachment":[{"href":"https:\/\/agora.xtec.cat\/ceipsab\/wp-json\/wp\/v2\/media?parent=6526"}],"wp:term":[{"taxonomy":"category","embeddable":true,"href":"https:\/\/agora.xtec.cat\/ceipsab\/wp-json\/wp\/v2\/categories?post=6526"},{"taxonomy":"post_tag","embeddable":true,"href":"https:\/\/agora.xtec.cat\/ceipsab\/wp-json\/wp\/v2\/tags?post=6526"}],"curies":[{"name":"wp","href":"https:\/\/api.w.org\/{rel}","templated":true}]}}