{"id":6523,"date":"2020-06-18T21:12:13","date_gmt":"2020-06-18T19:12:13","guid":{"rendered":"http:\/\/agora.xtec.cat\/ceipsab\/?p=6523"},"modified":"2020-06-19T13:20:00","modified_gmt":"2020-06-19T11:20:00","slug":"video-de-comiat-p5","status":"publish","type":"post","link":"https:\/\/agora.xtec.cat\/ceipsab\/educacio-infantil\/p5\/general\/video-de-comiat-p5\/","title":{"rendered":"V\u00cdDEO DE COMIAT P5"},"content":{"rendered":"<p>Hola fam\u00edlies!<\/p>\n<p>Els nens i nenes de P5 ja s\u00f3n una mica m\u00e9s grans i avui s&#8217;han acomiadat dels companys i de les mestres, ja que acaben l&#8217;etapa d&#8217;Educaci\u00f3 Infantil.<\/p>\n<p>Us deixem el v\u00eddeo\u00a0 de record que hem preparat amb molt\u00edssima il\u00b7lusi\u00f3 per a tots vosaltres!<\/p>\n<p>Una abra\u00e7ada ben gran!<\/p>\n<p>M.\u00c0ngels i Clara<\/p>\n<p><iframe loading=\"lazy\" title=\"Comiat P5\" width=\"500\" height=\"281\" src=\"https:\/\/www.youtube.com\/embed\/hCJ_tPBLqGg?feature=oembed\" frameborder=\"0\" allow=\"accelerometer; autoplay; clipboard-write; encrypted-media; gyroscope; picture-in-picture; web-share\" referrerpolicy=\"strict-origin-when-cross-origin\" allowfullscreen><\/iframe><\/p>\n","protected":false},"excerpt":{"rendered":"<p>Hola fam\u00edlies!<br \/>\nEls nens i nenes de P5 ja s\u00f3n una mica m\u00e9s grans i avui s&#8217;han acomiadat dels companys i de les mestres, ja que acaben l&#8217;etapa d&#8217;Educaci\u00f3 Infantil.<br \/>\nUs deixem el v\u00eddeo\u00a0 de record que hem preparat amb molt\u00edssima il\u00b7lusi\u00f3 per a tots vosaltres!<br \/>\nUna abra\u00e7ada&hellip;  <a href=\"https:\/\/agora.xtec.cat\/ceipsab\/educacio-infantil\/p5\/general\/video-de-comiat-p5\/\" title=\"Read V\u00cdDEO DE COMIAT P5\">Llegeix m\u00e9s\u00bb<\/a><\/p>\n","protected":false},"author":1,"featured_media":6524,"comment_status":"open","ping_status":"closed","sticky":false,"template":"","format":"standard","meta":{"_bbp_topic_count":0,"_bbp_reply_count":0,"_bbp_total_topic_count":0,"_bbp_total_reply_count":0,"_bbp_voice_count":0,"_bbp_anonymous_reply_count":0,"_bbp_topic_count_hidden":0,"_bbp_reply_count_hidden":0,"_bbp_forum_subforum_count":0,"footnotes":""},"categories":[62,1,9,4],"tags":[],"class_list":["post-6523","post","type-post","status-publish","format-standard","has-post-thumbnail","hentry","category-educacio-infantil","category-general","category-p5","category-portada"],"post_mailing_queue_ids":[],"_links":{"self":[{"href":"https:\/\/agora.xtec.cat\/ceipsab\/wp-json\/wp\/v2\/posts\/6523","targetHints":{"allow":["GET"]}}],"collection":[{"href":"https:\/\/agora.xtec.cat\/ceipsab\/wp-json\/wp\/v2\/posts"}],"about":[{"href":"https:\/\/agora.xtec.cat\/ceipsab\/wp-json\/wp\/v2\/types\/post"}],"author":[{"embeddable":true,"href":"https:\/\/agora.xtec.cat\/ceipsab\/wp-json\/wp\/v2\/users\/1"}],"replies":[{"embeddable":true,"href":"https:\/\/agora.xtec.cat\/ceipsab\/wp-json\/wp\/v2\/comments?post=6523"}],"version-history":[{"count":1,"href":"https:\/\/agora.xtec.cat\/ceipsab\/wp-json\/wp\/v2\/posts\/6523\/revisions"}],"predecessor-version":[{"id":6525,"href":"https:\/\/agora.xtec.cat\/ceipsab\/wp-json\/wp\/v2\/posts\/6523\/revisions\/6525"}],"wp:featuredmedia":[{"embeddable":true,"href":"https:\/\/agora.xtec.cat\/ceipsab\/wp-json\/wp\/v2\/media\/6524"}],"wp:attachment":[{"href":"https:\/\/agora.xtec.cat\/ceipsab\/wp-json\/wp\/v2\/media?parent=6523"}],"wp:term":[{"taxonomy":"category","embeddable":true,"href":"https:\/\/agora.xtec.cat\/ceipsab\/wp-json\/wp\/v2\/categories?post=6523"},{"taxonomy":"post_tag","embeddable":true,"href":"https:\/\/agora.xtec.cat\/ceipsab\/wp-json\/wp\/v2\/tags?post=6523"}],"curies":[{"name":"wp","href":"https:\/\/api.w.org\/{rel}","templated":true}]}}