{"id":6519,"date":"2020-06-18T21:08:16","date_gmt":"2020-06-18T19:08:16","guid":{"rendered":"http:\/\/agora.xtec.cat\/ceipsab\/?p=6519"},"modified":"2020-06-19T13:20:30","modified_gmt":"2020-06-19T11:20:30","slug":"p5-festa-de-final-de-curs","status":"publish","type":"post","link":"https:\/\/agora.xtec.cat\/ceipsab\/educacio-infantil\/p5\/general\/p5-festa-de-final-de-curs\/","title":{"rendered":"P5 FESTA DE FINAL DE CURS!"},"content":{"rendered":"<p>Hola fam\u00edlies!<\/p>\n<p>Els nens i nenes de P5 hem fet una Videotrucada &#8211; Festa per acomiadar-nos i tancar el curs!<\/p>\n<p>Despr\u00e9s de vestir-nos de gala i decorar la casa&#8230; hem bufat les espelmes per tots els aniversaris que hem celebrat a casa aquests mesos! I finalment, tots plegats hem demanat un desig!<\/p>\n<p>Tot i que no \u00e9s el comiat que haur\u00edem desitjat, ens hem fet una abra\u00e7ada virtual a l&#8217;espera de poder-nos retrobar ben aviat!<\/p>\n<p>Us deixem unes fotografies i algun v\u00eddeo perqu\u00e8 ens pugueu veure! Ha estat un comiat molt maco!;-)<\/p>\n<p><a href=\"https:\/\/photos.app.goo.gl\/s4WwpdSpF1tBK8Zw5\"><img loading=\"lazy\" decoding=\"async\" class=\"alignnone wp-image-6521\" src=\"https:\/\/agora.xtec.cat\/ceipsab\/wp-content\/uploads\/usu1011\/2020\/06\/DIPLOMA-P5-1024x724.jpg\" alt=\"\" width=\"526\" height=\"372\" srcset=\"https:\/\/agora.xtec.cat\/ceipsab\/wp-content\/uploads\/usu1011\/2020\/06\/DIPLOMA-P5-1024x724.jpg 1024w, https:\/\/agora.xtec.cat\/ceipsab\/wp-content\/uploads\/usu1011\/2020\/06\/DIPLOMA-P5-300x212.jpg 300w, https:\/\/agora.xtec.cat\/ceipsab\/wp-content\/uploads\/usu1011\/2020\/06\/DIPLOMA-P5-768x543.jpg 768w, https:\/\/agora.xtec.cat\/ceipsab\/wp-content\/uploads\/usu1011\/2020\/06\/DIPLOMA-P5.jpg 2000w\" sizes=\"auto, (max-width: 526px) 100vw, 526px\" \/><\/a><\/p>\n","protected":false},"excerpt":{"rendered":"<p>Hola fam\u00edlies!<br \/>\nEls nens i nenes de P5 hem fet una Videotrucada &#8211; Festa per acomiadar-nos i tancar el curs!<br \/>\nDespr\u00e9s de vestir-nos de gala i decorar la casa&#8230; hem bufat les espelmes per tots els aniversaris que hem celebrat a casa aquests mesos! I finalment, tots&hellip;  <a href=\"https:\/\/agora.xtec.cat\/ceipsab\/educacio-infantil\/p5\/general\/p5-festa-de-final-de-curs\/\" title=\"Read P5 FESTA DE FINAL DE CURS!\">Llegeix m\u00e9s\u00bb<\/a><\/p>\n","protected":false},"author":1,"featured_media":6521,"comment_status":"open","ping_status":"closed","sticky":false,"template":"","format":"standard","meta":{"_bbp_topic_count":0,"_bbp_reply_count":0,"_bbp_total_topic_count":0,"_bbp_total_reply_count":0,"_bbp_voice_count":0,"_bbp_anonymous_reply_count":0,"_bbp_topic_count_hidden":0,"_bbp_reply_count_hidden":0,"_bbp_forum_subforum_count":0,"footnotes":""},"categories":[62,1,9,4],"tags":[],"class_list":["post-6519","post","type-post","status-publish","format-standard","has-post-thumbnail","hentry","category-educacio-infantil","category-general","category-p5","category-portada"],"post_mailing_queue_ids":[],"_links":{"self":[{"href":"https:\/\/agora.xtec.cat\/ceipsab\/wp-json\/wp\/v2\/posts\/6519","targetHints":{"allow":["GET"]}}],"collection":[{"href":"https:\/\/agora.xtec.cat\/ceipsab\/wp-json\/wp\/v2\/posts"}],"about":[{"href":"https:\/\/agora.xtec.cat\/ceipsab\/wp-json\/wp\/v2\/types\/post"}],"author":[{"embeddable":true,"href":"https:\/\/agora.xtec.cat\/ceipsab\/wp-json\/wp\/v2\/users\/1"}],"replies":[{"embeddable":true,"href":"https:\/\/agora.xtec.cat\/ceipsab\/wp-json\/wp\/v2\/comments?post=6519"}],"version-history":[{"count":2,"href":"https:\/\/agora.xtec.cat\/ceipsab\/wp-json\/wp\/v2\/posts\/6519\/revisions"}],"predecessor-version":[{"id":6522,"href":"https:\/\/agora.xtec.cat\/ceipsab\/wp-json\/wp\/v2\/posts\/6519\/revisions\/6522"}],"wp:featuredmedia":[{"embeddable":true,"href":"https:\/\/agora.xtec.cat\/ceipsab\/wp-json\/wp\/v2\/media\/6521"}],"wp:attachment":[{"href":"https:\/\/agora.xtec.cat\/ceipsab\/wp-json\/wp\/v2\/media?parent=6519"}],"wp:term":[{"taxonomy":"category","embeddable":true,"href":"https:\/\/agora.xtec.cat\/ceipsab\/wp-json\/wp\/v2\/categories?post=6519"},{"taxonomy":"post_tag","embeddable":true,"href":"https:\/\/agora.xtec.cat\/ceipsab\/wp-json\/wp\/v2\/tags?post=6519"}],"curies":[{"name":"wp","href":"https:\/\/api.w.org\/{rel}","templated":true}]}}