{"id":6501,"date":"2020-06-18T11:57:27","date_gmt":"2020-06-18T09:57:27","guid":{"rendered":"http:\/\/agora.xtec.cat\/ceipsab\/?p=6501"},"modified":"2020-06-18T11:57:27","modified_gmt":"2020-06-18T09:57:27","slug":"p3-la-dona-i-locell","status":"publish","type":"post","link":"https:\/\/agora.xtec.cat\/ceipsab\/educacio-infantil\/p3\/p3-la-dona-i-locell\/","title":{"rendered":"P3 LA DONA I L&#8217;OCELL"},"content":{"rendered":"<p>Hola fam\u00edlies!<\/p>\n<p>Com ja sabeu, durant aquest curs els nens i les nenes de P3 hem estat treballant l\u2019artista Joan Mir\u00f3. Hem vist com era la seva vida, com eren els seus quadres i les seves escultures&#8230; Per\u00f2, a m\u00e9s, tamb\u00e9 ens hem fet artistes representat algunes de les seves obres. I, des de casa hem continuat treballant molt\u00edssim!<\/p>\n<p>A continuaci\u00f3 us deixem un v\u00eddeo on estem fent \u201cla dona i l\u2019ocell\u201d, qu\u00e8 divertit ha sigut!<\/p>\n<p><iframe loading=\"lazy\" title=\"P3 DONA I OCELL\" width=\"500\" height=\"281\" src=\"https:\/\/www.youtube.com\/embed\/LOf_VClbBIs?feature=oembed\" frameborder=\"0\" allow=\"accelerometer; autoplay; clipboard-write; encrypted-media; gyroscope; picture-in-picture; web-share\" referrerpolicy=\"strict-origin-when-cross-origin\" allowfullscreen><\/iframe><\/p>\n<p>&nbsp;<\/p>\n","protected":false},"excerpt":{"rendered":"<p>Hola fam\u00edlies!<br \/>\nCom ja sabeu, durant aquest curs els nens i les nenes de P3 hem estat treballant l\u2019artista Joan Mir\u00f3. Hem vist com era la seva vida, com eren els seus quadres i les seves escultures&#8230; Per\u00f2, a m\u00e9s, tamb\u00e9 ens hem fet artistes representat&hellip;  <a href=\"https:\/\/agora.xtec.cat\/ceipsab\/educacio-infantil\/p3\/p3-la-dona-i-locell\/\" title=\"Read P3 LA DONA I L&#8217;OCELL\">Llegeix m\u00e9s\u00bb<\/a><\/p>\n","protected":false},"author":1,"featured_media":6502,"comment_status":"open","ping_status":"closed","sticky":false,"template":"","format":"standard","meta":{"_bbp_topic_count":0,"_bbp_reply_count":0,"_bbp_total_topic_count":0,"_bbp_total_reply_count":0,"_bbp_voice_count":0,"_bbp_anonymous_reply_count":0,"_bbp_topic_count_hidden":0,"_bbp_reply_count_hidden":0,"_bbp_forum_subforum_count":0,"footnotes":""},"categories":[62,3],"tags":[],"class_list":["post-6501","post","type-post","status-publish","format-standard","has-post-thumbnail","hentry","category-educacio-infantil","category-p3"],"post_mailing_queue_ids":[],"_links":{"self":[{"href":"https:\/\/agora.xtec.cat\/ceipsab\/wp-json\/wp\/v2\/posts\/6501","targetHints":{"allow":["GET"]}}],"collection":[{"href":"https:\/\/agora.xtec.cat\/ceipsab\/wp-json\/wp\/v2\/posts"}],"about":[{"href":"https:\/\/agora.xtec.cat\/ceipsab\/wp-json\/wp\/v2\/types\/post"}],"author":[{"embeddable":true,"href":"https:\/\/agora.xtec.cat\/ceipsab\/wp-json\/wp\/v2\/users\/1"}],"replies":[{"embeddable":true,"href":"https:\/\/agora.xtec.cat\/ceipsab\/wp-json\/wp\/v2\/comments?post=6501"}],"version-history":[{"count":1,"href":"https:\/\/agora.xtec.cat\/ceipsab\/wp-json\/wp\/v2\/posts\/6501\/revisions"}],"predecessor-version":[{"id":6503,"href":"https:\/\/agora.xtec.cat\/ceipsab\/wp-json\/wp\/v2\/posts\/6501\/revisions\/6503"}],"wp:featuredmedia":[{"embeddable":true,"href":"https:\/\/agora.xtec.cat\/ceipsab\/wp-json\/wp\/v2\/media\/6502"}],"wp:attachment":[{"href":"https:\/\/agora.xtec.cat\/ceipsab\/wp-json\/wp\/v2\/media?parent=6501"}],"wp:term":[{"taxonomy":"category","embeddable":true,"href":"https:\/\/agora.xtec.cat\/ceipsab\/wp-json\/wp\/v2\/categories?post=6501"},{"taxonomy":"post_tag","embeddable":true,"href":"https:\/\/agora.xtec.cat\/ceipsab\/wp-json\/wp\/v2\/tags?post=6501"}],"curies":[{"name":"wp","href":"https:\/\/api.w.org\/{rel}","templated":true}]}}