{"id":6457,"date":"2020-03-13T00:54:56","date_gmt":"2020-03-12T23:54:56","guid":{"rendered":"http:\/\/agora.xtec.cat\/ceipsab\/?p=6457"},"modified":"2020-06-16T19:34:57","modified_gmt":"2020-06-16T17:34:57","slug":"projecte-i-experimentacio-els-imants","status":"publish","type":"post","link":"https:\/\/agora.xtec.cat\/ceipsab\/educacio-infantil\/p4\/projecte-i-experimentacio-els-imants\/","title":{"rendered":"PROJECTE I EXPERIMENTACI\u00d3: ELS IMANTS"},"content":{"rendered":"<p>A la classe ens va passar una cosa molt curiosa. Jugant i classificant la nostra col\u00b7lecci\u00f3 de pedres vam trobar un objecte estrany, que no era una pedra&#8230; Entre tots vam estar observant-lo atentament i investigant que podria ser&#8230; una construcci\u00f3, una pe\u00e7a, una joguina&#8230; finalment vam descobrir que era un imant. Vam estar parlant dels imants que eren, si ten\u00edem a classe, a casa, a l&#8217;escola i vam decidir que aquest segon trimestre investigar\u00edem i jugar\u00edem amb els imants. Mireu.<\/p>\n<p><a href=\"https:\/\/photos.app.goo.gl\/FEyP4Tf95nhx5LrY6\"><img loading=\"lazy\" decoding=\"async\" class=\"alignnone size-medium wp-image-6458\" src=\"https:\/\/agora.xtec.cat\/ceipsab\/wp-content\/uploads\/usu1011\/2020\/06\/imant-300x179.jpg\" alt=\"\" width=\"300\" height=\"179\" srcset=\"https:\/\/agora.xtec.cat\/ceipsab\/wp-content\/uploads\/usu1011\/2020\/06\/imant-300x179.jpg 300w, https:\/\/agora.xtec.cat\/ceipsab\/wp-content\/uploads\/usu1011\/2020\/06\/imant-768x458.jpg 768w, https:\/\/agora.xtec.cat\/ceipsab\/wp-content\/uploads\/usu1011\/2020\/06\/imant-1024x610.jpg 1024w\" sizes=\"auto, (max-width: 300px) 100vw, 300px\" \/><\/a><\/p>\n<p>Un altre dia pel nostre projecte dels imants hem jugat i investigat amb els imants que hem portat de casa. Primer\u00a0 els hem observat tots i cadasc\u00fa\u00a0 ha explicat com era el seu.\u00a0 Despr\u00e9s hem jugat amb ells.<\/p>\n<p>&nbsp;<\/p>\n<p><a href=\"https:\/\/photos.app.goo.gl\/VqcHaWqF5436FBQ56\"><img loading=\"lazy\" decoding=\"async\" class=\"alignnone size-medium wp-image-6463\" src=\"https:\/\/agora.xtec.cat\/ceipsab\/wp-content\/uploads\/usu1011\/2020\/03\/IMG_20200220_160235-300x225.jpg\" alt=\"\" width=\"300\" height=\"225\" srcset=\"https:\/\/agora.xtec.cat\/ceipsab\/wp-content\/uploads\/usu1011\/2020\/03\/IMG_20200220_160235-300x225.jpg 300w, https:\/\/agora.xtec.cat\/ceipsab\/wp-content\/uploads\/usu1011\/2020\/03\/IMG_20200220_160235-768x576.jpg 768w, https:\/\/agora.xtec.cat\/ceipsab\/wp-content\/uploads\/usu1011\/2020\/03\/IMG_20200220_160235-1024x768.jpg 1024w, https:\/\/agora.xtec.cat\/ceipsab\/wp-content\/uploads\/usu1011\/2020\/03\/IMG_20200220_160235-200x150.jpg 200w\" sizes=\"auto, (max-width: 300px) 100vw, 300px\" \/><\/a><\/p>\n<p>&nbsp;<\/p>\n","protected":false},"excerpt":{"rendered":"<p>A la classe ens va passar una cosa molt curiosa. Jugant i classificant la nostra col\u00b7lecci\u00f3 de pedres vam trobar un objecte estrany, que no era una pedra&#8230; Entre tots vam estar observant-lo atentament i investigant que podria ser&#8230; una construcci\u00f3, una pe\u00e7a, una joguina&#8230;&hellip;  <a href=\"https:\/\/agora.xtec.cat\/ceipsab\/educacio-infantil\/p4\/projecte-i-experimentacio-els-imants\/\" title=\"Read PROJECTE I EXPERIMENTACI\u00d3: ELS IMANTS\">Llegeix m\u00e9s\u00bb<\/a><\/p>\n","protected":false},"author":7,"featured_media":6458,"comment_status":"open","ping_status":"closed","sticky":false,"template":"","format":"standard","meta":{"_bbp_topic_count":0,"_bbp_reply_count":0,"_bbp_total_topic_count":0,"_bbp_total_reply_count":0,"_bbp_voice_count":0,"_bbp_anonymous_reply_count":0,"_bbp_topic_count_hidden":0,"_bbp_reply_count_hidden":0,"_bbp_forum_subforum_count":0,"footnotes":""},"categories":[8],"tags":[],"class_list":["post-6457","post","type-post","status-publish","format-standard","has-post-thumbnail","hentry","category-p4"],"post_mailing_queue_ids":[],"_links":{"self":[{"href":"https:\/\/agora.xtec.cat\/ceipsab\/wp-json\/wp\/v2\/posts\/6457","targetHints":{"allow":["GET"]}}],"collection":[{"href":"https:\/\/agora.xtec.cat\/ceipsab\/wp-json\/wp\/v2\/posts"}],"about":[{"href":"https:\/\/agora.xtec.cat\/ceipsab\/wp-json\/wp\/v2\/types\/post"}],"author":[{"embeddable":true,"href":"https:\/\/agora.xtec.cat\/ceipsab\/wp-json\/wp\/v2\/users\/7"}],"replies":[{"embeddable":true,"href":"https:\/\/agora.xtec.cat\/ceipsab\/wp-json\/wp\/v2\/comments?post=6457"}],"version-history":[{"count":3,"href":"https:\/\/agora.xtec.cat\/ceipsab\/wp-json\/wp\/v2\/posts\/6457\/revisions"}],"predecessor-version":[{"id":6464,"href":"https:\/\/agora.xtec.cat\/ceipsab\/wp-json\/wp\/v2\/posts\/6457\/revisions\/6464"}],"wp:featuredmedia":[{"embeddable":true,"href":"https:\/\/agora.xtec.cat\/ceipsab\/wp-json\/wp\/v2\/media\/6458"}],"wp:attachment":[{"href":"https:\/\/agora.xtec.cat\/ceipsab\/wp-json\/wp\/v2\/media?parent=6457"}],"wp:term":[{"taxonomy":"category","embeddable":true,"href":"https:\/\/agora.xtec.cat\/ceipsab\/wp-json\/wp\/v2\/categories?post=6457"},{"taxonomy":"post_tag","embeddable":true,"href":"https:\/\/agora.xtec.cat\/ceipsab\/wp-json\/wp\/v2\/tags?post=6457"}],"curies":[{"name":"wp","href":"https:\/\/api.w.org\/{rel}","templated":true}]}}