{"id":6361,"date":"2020-06-01T10:09:14","date_gmt":"2020-06-01T08:09:14","guid":{"rendered":"http:\/\/agora.xtec.cat\/ceipsab\/?p=6361"},"modified":"2020-06-01T10:09:14","modified_gmt":"2020-06-01T08:09:14","slug":"ei-proposal-1st-june","status":"publish","type":"post","link":"https:\/\/agora.xtec.cat\/ceipsab\/primaria\/english-corner\/ei-proposal-1st-june\/","title":{"rendered":"EI-PROPOSAL 1st JUNE"},"content":{"rendered":"<p>Estimades fam\u00edlies,<\/p>\n<p>Ens acostem a la recta final del curs, per aquest motiu aquesta proposta d\u2019Angl\u00e8s \u00e9s, a difer\u00e8ncia de les anteriors, setmanal. <strong>Concretament fins el diumenge 7 de juny.<\/strong> Com sempre, podeu pujar les fotos o v\u00eddeos directament al Drive (Carpeta de l\u2019Alumne). Qualsevol dubte o consulta me la podeu fer arribar a:<\/p>\n<p><a href=\"https:\/\/agora.xtec.cat\/ceipsab\/wp-content\/uploads\/usu1011\/2020\/03\/correo.png\"><img loading=\"lazy\" decoding=\"async\" class=\"alignnone size-full wp-image-5580\" src=\"https:\/\/agora.xtec.cat\/ceipsab\/wp-content\/uploads\/usu1011\/2020\/03\/correo.png\" alt=\"\" width=\"30\" height=\"34\" \/>\u00a0\u00a0<\/a><a href=\"mailto:angles3@esab.cat\"><strong>angles3@esab.cat<\/strong>\u00a0<\/a><\/p>\n<p>Cliqueu als quadernets corresponents per accedir a les feines. Espero que la realitzaci\u00f3 de les tasques us facin passar una bona estona en fam\u00edlia. Gr\u00e0cies pel vostre suport.<\/p>\n<p><a href=\"https:\/\/agora.xtec.cat\/ceipsab\/wp-content\/uploads\/usu1011\/2020\/04\/Notebook-P3.png\">\u00a0\u00a0\u00a0\u00a0\u00a0 <\/a><a href=\"https:\/\/agora.xtec.cat\/ceipsab\/wp-content\/uploads\/usu1011\/2020\/06\/ANGL\u00c8S-P3-01-JUNY.pdf\"><img loading=\"lazy\" decoding=\"async\" class=\"alignnone wp-image-5826\" src=\"https:\/\/agora.xtec.cat\/ceipsab\/wp-content\/uploads\/usu1011\/2020\/04\/Notebook-P3.png\" alt=\"\" width=\"111\" height=\"111\" srcset=\"https:\/\/agora.xtec.cat\/ceipsab\/wp-content\/uploads\/usu1011\/2020\/04\/Notebook-P3.png 549w, https:\/\/agora.xtec.cat\/ceipsab\/wp-content\/uploads\/usu1011\/2020\/04\/Notebook-P3-150x150.png 150w, https:\/\/agora.xtec.cat\/ceipsab\/wp-content\/uploads\/usu1011\/2020\/04\/Notebook-P3-300x300.png 300w\" sizes=\"auto, (max-width: 111px) 100vw, 111px\" \/><\/a><a href=\"https:\/\/agora.xtec.cat\/ceipsab\/wp-content\/uploads\/usu1011\/2020\/06\/ANGL\u00c8S-P4-01-JUNY.pdf\"><img loading=\"lazy\" decoding=\"async\" class=\"alignnone wp-image-5827\" src=\"https:\/\/agora.xtec.cat\/ceipsab\/wp-content\/uploads\/usu1011\/2020\/04\/Notebook-P4.png\" alt=\"\" width=\"112\" height=\"112\" srcset=\"https:\/\/agora.xtec.cat\/ceipsab\/wp-content\/uploads\/usu1011\/2020\/04\/Notebook-P4.png 512w, https:\/\/agora.xtec.cat\/ceipsab\/wp-content\/uploads\/usu1011\/2020\/04\/Notebook-P4-150x150.png 150w, https:\/\/agora.xtec.cat\/ceipsab\/wp-content\/uploads\/usu1011\/2020\/04\/Notebook-P4-300x300.png 300w\" sizes=\"auto, (max-width: 112px) 100vw, 112px\" \/><\/a><a href=\"https:\/\/agora.xtec.cat\/ceipsab\/wp-content\/uploads\/usu1011\/2020\/04\/Notebook-P3.png\"> \u00a0\u00a0\u00a0\u00a0\u00a0 <\/a><a href=\"https:\/\/agora.xtec.cat\/ceipsab\/wp-content\/uploads\/usu1011\/2020\/06\/ANGL\u00c8S-P5-01-JUNY.pdf\"><img loading=\"lazy\" decoding=\"async\" class=\"alignnone wp-image-5828\" src=\"https:\/\/agora.xtec.cat\/ceipsab\/wp-content\/uploads\/usu1011\/2020\/04\/Notebook-P5.png\" alt=\"\" width=\"111\" height=\"113\" srcset=\"https:\/\/agora.xtec.cat\/ceipsab\/wp-content\/uploads\/usu1011\/2020\/04\/Notebook-P5.png 486w, https:\/\/agora.xtec.cat\/ceipsab\/wp-content\/uploads\/usu1011\/2020\/04\/Notebook-P5-295x300.png 295w\" sizes=\"auto, (max-width: 111px) 100vw, 111px\" \/><\/a><\/p>\n<p><span style=\"font-family: inherit;font-size: 1em\">Una abra\u00e7ada,<\/span><\/p>\n<p><span style=\"font-family: inherit;font-size: 1em\">Mar\u00eda Jos\u00e9<\/span><\/p>\n","protected":false},"excerpt":{"rendered":"<p>Estimades fam\u00edlies,<br \/>\nEns acostem a la recta final del curs, per aquest motiu aquesta proposta d\u2019Angl\u00e8s \u00e9s, a difer\u00e8ncia de les anteriors, setmanal. Concretament fins el diumenge 7 de juny. Com sempre, podeu pujar les fotos o v\u00eddeos directament al Drive (Carpeta de l\u2019Alumne). Qualsevol dubte&hellip;  <a href=\"https:\/\/agora.xtec.cat\/ceipsab\/primaria\/english-corner\/ei-proposal-1st-june\/\" title=\"Read EI-PROPOSAL 1st JUNE\">Llegeix m\u00e9s\u00bb<\/a><\/p>\n","protected":false},"author":1,"featured_media":5867,"comment_status":"closed","ping_status":"closed","sticky":false,"template":"","format":"standard","meta":{"_bbp_topic_count":0,"_bbp_reply_count":0,"_bbp_total_topic_count":0,"_bbp_total_reply_count":0,"_bbp_voice_count":0,"_bbp_anonymous_reply_count":0,"_bbp_topic_count_hidden":0,"_bbp_reply_count_hidden":0,"_bbp_forum_subforum_count":0,"footnotes":""},"categories":[59,69],"tags":[],"class_list":["post-6361","post","type-post","status-publish","format-standard","has-post-thumbnail","hentry","category-english-corner","category-pre-school"],"post_mailing_queue_ids":[],"_links":{"self":[{"href":"https:\/\/agora.xtec.cat\/ceipsab\/wp-json\/wp\/v2\/posts\/6361","targetHints":{"allow":["GET"]}}],"collection":[{"href":"https:\/\/agora.xtec.cat\/ceipsab\/wp-json\/wp\/v2\/posts"}],"about":[{"href":"https:\/\/agora.xtec.cat\/ceipsab\/wp-json\/wp\/v2\/types\/post"}],"author":[{"embeddable":true,"href":"https:\/\/agora.xtec.cat\/ceipsab\/wp-json\/wp\/v2\/users\/1"}],"replies":[{"embeddable":true,"href":"https:\/\/agora.xtec.cat\/ceipsab\/wp-json\/wp\/v2\/comments?post=6361"}],"version-history":[{"count":1,"href":"https:\/\/agora.xtec.cat\/ceipsab\/wp-json\/wp\/v2\/posts\/6361\/revisions"}],"predecessor-version":[{"id":6365,"href":"https:\/\/agora.xtec.cat\/ceipsab\/wp-json\/wp\/v2\/posts\/6361\/revisions\/6365"}],"wp:featuredmedia":[{"embeddable":true,"href":"https:\/\/agora.xtec.cat\/ceipsab\/wp-json\/wp\/v2\/media\/5867"}],"wp:attachment":[{"href":"https:\/\/agora.xtec.cat\/ceipsab\/wp-json\/wp\/v2\/media?parent=6361"}],"wp:term":[{"taxonomy":"category","embeddable":true,"href":"https:\/\/agora.xtec.cat\/ceipsab\/wp-json\/wp\/v2\/categories?post=6361"},{"taxonomy":"post_tag","embeddable":true,"href":"https:\/\/agora.xtec.cat\/ceipsab\/wp-json\/wp\/v2\/tags?post=6361"}],"curies":[{"name":"wp","href":"https:\/\/api.w.org\/{rel}","templated":true}]}}