{"id":6334,"date":"2020-05-28T14:10:27","date_gmt":"2020-05-28T12:10:27","guid":{"rendered":"http:\/\/agora.xtec.cat\/ceipsab\/?p=6334"},"modified":"2020-09-11T22:04:21","modified_gmt":"2020-09-11T20:04:21","slug":"beques-menjador-del-consell-comarcal","status":"publish","type":"post","link":"https:\/\/agora.xtec.cat\/ceipsab\/portada\/beques-menjador-del-consell-comarcal\/","title":{"rendered":"BEQUES  MENJADOR DEL CONSELL COMARCAL"},"content":{"rendered":"<p>Benvolgudes fam\u00edlies,<\/p>\n<p>S&#8217;han publicat les Bases d&#8217;Ajuts individuals de Menjador escolar 2020-2021.<\/p>\n<p>Podran sol\u00b7licitar l\u2019ajut els pares, mares, tutors legals o persona encarregada de la guarda i protecci\u00f3 de<br \/>\nl\u2019alumnat d\u2019ensenyament obligatori i de segon cicle d\u2019educaci\u00f3 infantil de centres educatius sufragats amb<br \/>\nfons p\u00fablics per al curs 2020-2021 de la comarca del Baix Llobregat.<\/p>\n<p>El termini \u00e9s del 4 de juny al 17 de juny de 2020 de manera telem\u00e0tica des de la\u00a0 p\u00e0gina web <a href=\"https:\/\/www.elbaixllobregat.cat\/ajuts-menjador-2020-2021\">www.elbaixllobregat.cat<\/a>.<\/p>\n<p><a href=\"https:\/\/www.pigaim.cat\/inscripcions\/\">Sol\u00b7licitud<\/a><\/p>\n<p>En els seg\u00fcents documents podreu trobar tota la informaci\u00f3 necess\u00e0ria per poder tramitar l&#8217;ajuda:<\/p>\n<ul>\n<li><a href=\"https:\/\/agora.xtec.cat\/ceipsab\/wp-content\/uploads\/usu1011\/2020\/05\/guiaTramitacio.pdf\">Guia de tramitaci\u00f3<\/a><\/li>\n<li><a href=\"https:\/\/agora.xtec.cat\/ceipsab\/wp-content\/uploads\/usu1011\/2020\/05\/becas-comarcal-preguntesFAQS-2020-2021.pdf\" target=\"_blank\" rel=\"noopener noreferrer\">Preguntres freq\u00fcents.<\/a><\/li>\n<li><a href=\"https:\/\/agora.xtec.cat\/ceipsab\/wp-content\/uploads\/usu1011\/2020\/05\/1BASES-beques-menjador-2020-2021-telematica.pdf\" target=\"_blank\" rel=\"noopener noreferrer\">Bases d&#8217;Ajuts Individuals.<\/a><\/li>\n<\/ul>\n<p><img loading=\"lazy\" decoding=\"async\" class=\"aligncenter size-full wp-image-6337\" src=\"https:\/\/agora.xtec.cat\/ceipsab\/wp-content\/uploads\/usu1011\/2020\/05\/1-1.png\" alt=\"\" width=\"649\" height=\"259\" srcset=\"https:\/\/agora.xtec.cat\/ceipsab\/wp-content\/uploads\/usu1011\/2020\/05\/1-1.png 649w, https:\/\/agora.xtec.cat\/ceipsab\/wp-content\/uploads\/usu1011\/2020\/05\/1-1-300x120.png 300w\" sizes=\"auto, (max-width: 649px) 100vw, 649px\" \/><\/p>\n","protected":false},"excerpt":{"rendered":"<p>Benvolgudes fam\u00edlies,<br \/>\nS&#8217;han publicat les Bases d&#8217;Ajuts individuals de Menjador escolar 2020-2021.<br \/>\nPodran sol\u00b7licitar l\u2019ajut els pares, mares, tutors legals o persona encarregada de la guarda i protecci\u00f3 de<br \/>\nl\u2019alumnat d\u2019ensenyament obligatori i de segon cicle d\u2019educaci\u00f3 infantil de centres educatius sufragats amb<br \/>\nfons p\u00fablics per al curs 2020-2021&hellip;  <a href=\"https:\/\/agora.xtec.cat\/ceipsab\/portada\/beques-menjador-del-consell-comarcal\/\" title=\"Read BEQUES  MENJADOR DEL CONSELL COMARCAL\">Llegeix m\u00e9s\u00bb<\/a><\/p>\n","protected":false},"author":3,"featured_media":6337,"comment_status":"open","ping_status":"closed","sticky":false,"template":"","format":"standard","meta":{"_bbp_topic_count":0,"_bbp_reply_count":0,"_bbp_total_topic_count":0,"_bbp_total_reply_count":0,"_bbp_voice_count":0,"_bbp_anonymous_reply_count":0,"_bbp_topic_count_hidden":0,"_bbp_reply_count_hidden":0,"_bbp_forum_subforum_count":0,"footnotes":""},"categories":[4],"tags":[],"class_list":["post-6334","post","type-post","status-publish","format-standard","has-post-thumbnail","hentry","category-portada"],"post_mailing_queue_ids":[],"_links":{"self":[{"href":"https:\/\/agora.xtec.cat\/ceipsab\/wp-json\/wp\/v2\/posts\/6334","targetHints":{"allow":["GET"]}}],"collection":[{"href":"https:\/\/agora.xtec.cat\/ceipsab\/wp-json\/wp\/v2\/posts"}],"about":[{"href":"https:\/\/agora.xtec.cat\/ceipsab\/wp-json\/wp\/v2\/types\/post"}],"author":[{"embeddable":true,"href":"https:\/\/agora.xtec.cat\/ceipsab\/wp-json\/wp\/v2\/users\/3"}],"replies":[{"embeddable":true,"href":"https:\/\/agora.xtec.cat\/ceipsab\/wp-json\/wp\/v2\/comments?post=6334"}],"version-history":[{"count":3,"href":"https:\/\/agora.xtec.cat\/ceipsab\/wp-json\/wp\/v2\/posts\/6334\/revisions"}],"predecessor-version":[{"id":6403,"href":"https:\/\/agora.xtec.cat\/ceipsab\/wp-json\/wp\/v2\/posts\/6334\/revisions\/6403"}],"wp:featuredmedia":[{"embeddable":true,"href":"https:\/\/agora.xtec.cat\/ceipsab\/wp-json\/wp\/v2\/media\/6337"}],"wp:attachment":[{"href":"https:\/\/agora.xtec.cat\/ceipsab\/wp-json\/wp\/v2\/media?parent=6334"}],"wp:term":[{"taxonomy":"category","embeddable":true,"href":"https:\/\/agora.xtec.cat\/ceipsab\/wp-json\/wp\/v2\/categories?post=6334"},{"taxonomy":"post_tag","embeddable":true,"href":"https:\/\/agora.xtec.cat\/ceipsab\/wp-json\/wp\/v2\/tags?post=6334"}],"curies":[{"name":"wp","href":"https:\/\/api.w.org\/{rel}","templated":true}]}}