{"id":6319,"date":"2020-03-23T18:25:14","date_gmt":"2020-03-23T17:25:14","guid":{"rendered":"http:\/\/agora.xtec.cat\/ceipsab\/?p=6319"},"modified":"2020-05-23T18:33:32","modified_gmt":"2020-05-23T16:33:32","slug":"p4-com-picasso-fem-la-nostra-versio-de-les-menines","status":"publish","type":"post","link":"https:\/\/agora.xtec.cat\/ceipsab\/educacio-infantil\/p4\/p4-com-picasso-fem-la-nostra-versio-de-les-menines\/","title":{"rendered":"P4 COM PICASSO FEM LA NOSTRA VERSI\u00d3 DE LES MENINES"},"content":{"rendered":"<p>Pablo Ruiz Picasso va fer la seva versi\u00f3 de les Menines de Vel\u00e1zquez. Nosaltres tamb\u00e9 hem volgut fer les nostres Menines i estan quedant molt maques.<\/p>\n<p><a href=\"https:\/\/photos.app.goo.gl\/PYt9Xqep44hosbdy5\"><img loading=\"lazy\" decoding=\"async\" class=\"size-medium wp-image-6320\" src=\"https:\/\/agora.xtec.cat\/ceipsab\/wp-content\/uploads\/usu1011\/2020\/05\/M-245x300.jpg\" alt=\"\" width=\"245\" height=\"300\" srcset=\"https:\/\/agora.xtec.cat\/ceipsab\/wp-content\/uploads\/usu1011\/2020\/05\/M-245x300.jpg 245w, https:\/\/agora.xtec.cat\/ceipsab\/wp-content\/uploads\/usu1011\/2020\/05\/M.jpg 418w\" sizes=\"auto, (max-width: 245px) 100vw, 245px\" \/><\/a><\/p>\n","protected":false},"excerpt":{"rendered":"<p>Pablo Ruiz Picasso va fer la seva versi\u00f3 de les Menines de Vel\u00e1zquez. Nosaltres tamb\u00e9 hem volgut fer les nostres Menines i estan quedant molt maques.<br \/>\n<a href=\"https:\/\/photos.app.goo.gl\/PYt9Xqep44hosbdy5\"><\/a><\/p>\n","protected":false},"author":7,"featured_media":6320,"comment_status":"open","ping_status":"closed","sticky":false,"template":"","format":"standard","meta":{"_bbp_topic_count":0,"_bbp_reply_count":0,"_bbp_total_topic_count":0,"_bbp_total_reply_count":0,"_bbp_voice_count":0,"_bbp_anonymous_reply_count":0,"_bbp_topic_count_hidden":0,"_bbp_reply_count_hidden":0,"_bbp_forum_subforum_count":0,"footnotes":""},"categories":[8],"tags":[],"class_list":["post-6319","post","type-post","status-publish","format-standard","has-post-thumbnail","hentry","category-p4"],"post_mailing_queue_ids":[],"_links":{"self":[{"href":"https:\/\/agora.xtec.cat\/ceipsab\/wp-json\/wp\/v2\/posts\/6319","targetHints":{"allow":["GET"]}}],"collection":[{"href":"https:\/\/agora.xtec.cat\/ceipsab\/wp-json\/wp\/v2\/posts"}],"about":[{"href":"https:\/\/agora.xtec.cat\/ceipsab\/wp-json\/wp\/v2\/types\/post"}],"author":[{"embeddable":true,"href":"https:\/\/agora.xtec.cat\/ceipsab\/wp-json\/wp\/v2\/users\/7"}],"replies":[{"embeddable":true,"href":"https:\/\/agora.xtec.cat\/ceipsab\/wp-json\/wp\/v2\/comments?post=6319"}],"version-history":[{"count":1,"href":"https:\/\/agora.xtec.cat\/ceipsab\/wp-json\/wp\/v2\/posts\/6319\/revisions"}],"predecessor-version":[{"id":6321,"href":"https:\/\/agora.xtec.cat\/ceipsab\/wp-json\/wp\/v2\/posts\/6319\/revisions\/6321"}],"wp:featuredmedia":[{"embeddable":true,"href":"https:\/\/agora.xtec.cat\/ceipsab\/wp-json\/wp\/v2\/media\/6320"}],"wp:attachment":[{"href":"https:\/\/agora.xtec.cat\/ceipsab\/wp-json\/wp\/v2\/media?parent=6319"}],"wp:term":[{"taxonomy":"category","embeddable":true,"href":"https:\/\/agora.xtec.cat\/ceipsab\/wp-json\/wp\/v2\/categories?post=6319"},{"taxonomy":"post_tag","embeddable":true,"href":"https:\/\/agora.xtec.cat\/ceipsab\/wp-json\/wp\/v2\/tags?post=6319"}],"curies":[{"name":"wp","href":"https:\/\/api.w.org\/{rel}","templated":true}]}}