{"id":6316,"date":"2020-03-23T18:07:36","date_gmt":"2020-03-23T17:07:36","guid":{"rendered":"http:\/\/agora.xtec.cat\/ceipsab\/?p=6316"},"modified":"2020-05-23T18:18:01","modified_gmt":"2020-05-23T16:18:01","slug":"p4-la-nana-tecnica-del-puntillisme","status":"publish","type":"post","link":"https:\/\/agora.xtec.cat\/ceipsab\/educacio-infantil\/p4\/p4-la-nana-tecnica-del-puntillisme\/","title":{"rendered":"P4 &#8220;LA NANA&#8221; T\u00c8CNICA DEL PUNTILLISME"},"content":{"rendered":"<p>Hem reprodu\u00eft el quadre de &#8220;La Nana&#8221; de Pablo Ruiz Picasso amb la t\u00e8cnica del puntillisme.<\/p>\n<p><a href=\"https:\/\/photos.app.goo.gl\/9FYrMDrGVmz5i5WW8\"><img loading=\"lazy\" decoding=\"async\" class=\"alignnone size-full wp-image-6317\" src=\"https:\/\/agora.xtec.cat\/ceipsab\/wp-content\/uploads\/usu1011\/2020\/05\/NANA.jpg\" alt=\"\" width=\"169\" height=\"298\" \/><\/a><\/p>\n<p>&nbsp;<\/p>\n","protected":false},"excerpt":{"rendered":"<p>Hem reprodu\u00eft el quadre de &#8220;La Nana&#8221; de Pablo Ruiz Picasso amb la t\u00e8cnica del puntillisme.<br \/>\n<a href=\"https:\/\/photos.app.goo.gl\/9FYrMDrGVmz5i5WW8\"><\/a><br \/>\n&nbsp;<\/p>\n","protected":false},"author":7,"featured_media":6317,"comment_status":"open","ping_status":"closed","sticky":false,"template":"","format":"standard","meta":{"_bbp_topic_count":0,"_bbp_reply_count":0,"_bbp_total_topic_count":0,"_bbp_total_reply_count":0,"_bbp_voice_count":0,"_bbp_anonymous_reply_count":0,"_bbp_topic_count_hidden":0,"_bbp_reply_count_hidden":0,"_bbp_forum_subforum_count":0,"footnotes":""},"categories":[8],"tags":[],"class_list":["post-6316","post","type-post","status-publish","format-standard","has-post-thumbnail","hentry","category-p4"],"post_mailing_queue_ids":[],"_links":{"self":[{"href":"https:\/\/agora.xtec.cat\/ceipsab\/wp-json\/wp\/v2\/posts\/6316","targetHints":{"allow":["GET"]}}],"collection":[{"href":"https:\/\/agora.xtec.cat\/ceipsab\/wp-json\/wp\/v2\/posts"}],"about":[{"href":"https:\/\/agora.xtec.cat\/ceipsab\/wp-json\/wp\/v2\/types\/post"}],"author":[{"embeddable":true,"href":"https:\/\/agora.xtec.cat\/ceipsab\/wp-json\/wp\/v2\/users\/7"}],"replies":[{"embeddable":true,"href":"https:\/\/agora.xtec.cat\/ceipsab\/wp-json\/wp\/v2\/comments?post=6316"}],"version-history":[{"count":1,"href":"https:\/\/agora.xtec.cat\/ceipsab\/wp-json\/wp\/v2\/posts\/6316\/revisions"}],"predecessor-version":[{"id":6318,"href":"https:\/\/agora.xtec.cat\/ceipsab\/wp-json\/wp\/v2\/posts\/6316\/revisions\/6318"}],"wp:featuredmedia":[{"embeddable":true,"href":"https:\/\/agora.xtec.cat\/ceipsab\/wp-json\/wp\/v2\/media\/6317"}],"wp:attachment":[{"href":"https:\/\/agora.xtec.cat\/ceipsab\/wp-json\/wp\/v2\/media?parent=6316"}],"wp:term":[{"taxonomy":"category","embeddable":true,"href":"https:\/\/agora.xtec.cat\/ceipsab\/wp-json\/wp\/v2\/categories?post=6316"},{"taxonomy":"post_tag","embeddable":true,"href":"https:\/\/agora.xtec.cat\/ceipsab\/wp-json\/wp\/v2\/tags?post=6316"}],"curies":[{"name":"wp","href":"https:\/\/api.w.org\/{rel}","templated":true}]}}