{"id":6214,"date":"2020-05-17T19:38:10","date_gmt":"2020-05-17T17:38:10","guid":{"rendered":"http:\/\/agora.xtec.cat\/ceipsab\/?p=6214"},"modified":"2020-05-17T19:38:10","modified_gmt":"2020-05-17T17:38:10","slug":"el-repte-del-spiderman-repte-8","status":"publish","type":"post","link":"https:\/\/agora.xtec.cat\/ceipsab\/portada\/el-repte-del-spiderman-repte-8\/","title":{"rendered":"EL REPTE DEL SPIDERMAN (REPTE 8)"},"content":{"rendered":"<p>Aquesta setmana el Spiderman puja pel balc\u00f3 per explicar-te el nou repte del Karaoke. Anima&#8217;t amb la fam\u00edlia i envia&#8217;ns el teu\u00a0v\u00eddeo\u00a0de 15-20 segons fent el Karaoke de la teva can\u00e7\u00f3 preferida, pensa que \u00e9s tan f\u00e0cil com buscar-la pel\u00a0<span class=\"hiddenSpellError\">Youtube<\/span>. Engresca&#8217;t i fes-nos riure!<\/p>\n<p>PUJA EL TEU V\u00cdDEO\u00a0A LA CARPETA DEL DRIVE &#8221;SPIDERMAN REPTE&#8221;<\/p>\n<p><iframe loading=\"lazy\" title=\"EL REPTE DEL SPIDERMAN (REPTE 8)\" width=\"500\" height=\"281\" src=\"https:\/\/www.youtube.com\/embed\/d5YOWfdQuzk?feature=oembed\" frameborder=\"0\" allow=\"accelerometer; autoplay; clipboard-write; encrypted-media; gyroscope; picture-in-picture; web-share\" referrerpolicy=\"strict-origin-when-cross-origin\" allowfullscreen><\/iframe><\/p>\n","protected":false},"excerpt":{"rendered":"<p>Aquesta setmana el Spiderman puja pel balc\u00f3 per explicar-te el nou repte del Karaoke. Anima&#8217;t amb la fam\u00edlia i envia&#8217;ns el teu\u00a0v\u00eddeo\u00a0de 15-20 segons fent el Karaoke de la teva can\u00e7\u00f3 preferida, pensa que \u00e9s tan f\u00e0cil com buscar-la pel\u00a0Youtube. Engresca&#8217;t i fes-nos riure!<br \/>\nPUJA EL&hellip;  <a href=\"https:\/\/agora.xtec.cat\/ceipsab\/portada\/el-repte-del-spiderman-repte-8\/\" title=\"Read EL REPTE DEL SPIDERMAN (REPTE 8)\">Llegeix m\u00e9s\u00bb<\/a><\/p>\n","protected":false},"author":1,"featured_media":6216,"comment_status":"open","ping_status":"closed","sticky":false,"template":"","format":"standard","meta":{"_bbp_topic_count":0,"_bbp_reply_count":0,"_bbp_total_topic_count":0,"_bbp_total_reply_count":0,"_bbp_voice_count":0,"_bbp_anonymous_reply_count":0,"_bbp_topic_count_hidden":0,"_bbp_reply_count_hidden":0,"_bbp_forum_subforum_count":0,"footnotes":""},"categories":[62,4],"tags":[],"class_list":["post-6214","post","type-post","status-publish","format-standard","has-post-thumbnail","hentry","category-educacio-infantil","category-portada"],"post_mailing_queue_ids":[],"_links":{"self":[{"href":"https:\/\/agora.xtec.cat\/ceipsab\/wp-json\/wp\/v2\/posts\/6214","targetHints":{"allow":["GET"]}}],"collection":[{"href":"https:\/\/agora.xtec.cat\/ceipsab\/wp-json\/wp\/v2\/posts"}],"about":[{"href":"https:\/\/agora.xtec.cat\/ceipsab\/wp-json\/wp\/v2\/types\/post"}],"author":[{"embeddable":true,"href":"https:\/\/agora.xtec.cat\/ceipsab\/wp-json\/wp\/v2\/users\/1"}],"replies":[{"embeddable":true,"href":"https:\/\/agora.xtec.cat\/ceipsab\/wp-json\/wp\/v2\/comments?post=6214"}],"version-history":[{"count":1,"href":"https:\/\/agora.xtec.cat\/ceipsab\/wp-json\/wp\/v2\/posts\/6214\/revisions"}],"predecessor-version":[{"id":6215,"href":"https:\/\/agora.xtec.cat\/ceipsab\/wp-json\/wp\/v2\/posts\/6214\/revisions\/6215"}],"wp:featuredmedia":[{"embeddable":true,"href":"https:\/\/agora.xtec.cat\/ceipsab\/wp-json\/wp\/v2\/media\/6216"}],"wp:attachment":[{"href":"https:\/\/agora.xtec.cat\/ceipsab\/wp-json\/wp\/v2\/media?parent=6214"}],"wp:term":[{"taxonomy":"category","embeddable":true,"href":"https:\/\/agora.xtec.cat\/ceipsab\/wp-json\/wp\/v2\/categories?post=6214"},{"taxonomy":"post_tag","embeddable":true,"href":"https:\/\/agora.xtec.cat\/ceipsab\/wp-json\/wp\/v2\/tags?post=6214"}],"curies":[{"name":"wp","href":"https:\/\/api.w.org\/{rel}","templated":true}]}}