{"id":6156,"date":"2020-05-10T22:00:46","date_gmt":"2020-05-10T20:00:46","guid":{"rendered":"http:\/\/agora.xtec.cat\/ceipsab\/?p=6156"},"modified":"2020-05-10T22:00:46","modified_gmt":"2020-05-10T20:00:46","slug":"el-repte-del-spiderman-repte-7","status":"publish","type":"post","link":"https:\/\/agora.xtec.cat\/ceipsab\/portada\/el-repte-del-spiderman-repte-7\/","title":{"rendered":"EL REPTE DEL SPIDERMAN (REPTE 7)"},"content":{"rendered":"<p>Aquesta setmana torna el Spiderman m\u00e9s\u00a0<span class=\"hiddenGreenError\">desenfadat<\/span>\u00a0amb ganes de festa i un repte nou.<br \/>\nPosa&#8217;t a ballar amb unes croquetes la teva can\u00e7\u00f3 preferida des del balc\u00f3! Recorda que si no tens balc\u00f3, pots fer una\u00a0<span class=\"hiddenSpellError\">festeta<\/span>\u00a0al jard\u00ed, a la finestra o al menjador. Organitza la teva\u00a0<span class=\"hiddenSpellError\">festeta<\/span>\u00a0de confinament i anima als teus estimats\u00a0ve\u00efns. Marxa!<\/p>\n<p>ENVIA&#8217;NS EL\u00a0V\u00cdDEO\u00a0A LA CARPETA DEL DRIVE!!!<\/p>\n<p><iframe loading=\"lazy\" title=\"EL REPTE DEL SPIDERMAN (REPTE 7)\" width=\"500\" height=\"281\" src=\"https:\/\/www.youtube.com\/embed\/7z-TBAPtouY?feature=oembed\" frameborder=\"0\" allow=\"accelerometer; autoplay; clipboard-write; encrypted-media; gyroscope; picture-in-picture; web-share\" referrerpolicy=\"strict-origin-when-cross-origin\" allowfullscreen><\/iframe><\/p>\n","protected":false},"excerpt":{"rendered":"<p>Aquesta setmana torna el Spiderman m\u00e9s\u00a0desenfadat\u00a0amb ganes de festa i un repte nou.<br \/>\nPosa&#8217;t a ballar amb unes croquetes la teva can\u00e7\u00f3 preferida des del balc\u00f3! Recorda que si no tens balc\u00f3, pots fer una\u00a0festeta\u00a0al jard\u00ed, a la finestra o al menjador. Organitza la teva\u00a0festeta\u00a0de confinament&hellip;  <a href=\"https:\/\/agora.xtec.cat\/ceipsab\/portada\/el-repte-del-spiderman-repte-7\/\" title=\"Read EL REPTE DEL SPIDERMAN (REPTE 7)\">Llegeix m\u00e9s\u00bb<\/a><\/p>\n","protected":false},"author":1,"featured_media":6158,"comment_status":"open","ping_status":"closed","sticky":false,"template":"","format":"standard","meta":{"_bbp_topic_count":0,"_bbp_reply_count":0,"_bbp_total_topic_count":0,"_bbp_total_reply_count":0,"_bbp_voice_count":0,"_bbp_anonymous_reply_count":0,"_bbp_topic_count_hidden":0,"_bbp_reply_count_hidden":0,"_bbp_forum_subforum_count":0,"footnotes":""},"categories":[62,4],"tags":[],"class_list":["post-6156","post","type-post","status-publish","format-standard","has-post-thumbnail","hentry","category-educacio-infantil","category-portada"],"post_mailing_queue_ids":[],"_links":{"self":[{"href":"https:\/\/agora.xtec.cat\/ceipsab\/wp-json\/wp\/v2\/posts\/6156","targetHints":{"allow":["GET"]}}],"collection":[{"href":"https:\/\/agora.xtec.cat\/ceipsab\/wp-json\/wp\/v2\/posts"}],"about":[{"href":"https:\/\/agora.xtec.cat\/ceipsab\/wp-json\/wp\/v2\/types\/post"}],"author":[{"embeddable":true,"href":"https:\/\/agora.xtec.cat\/ceipsab\/wp-json\/wp\/v2\/users\/1"}],"replies":[{"embeddable":true,"href":"https:\/\/agora.xtec.cat\/ceipsab\/wp-json\/wp\/v2\/comments?post=6156"}],"version-history":[{"count":1,"href":"https:\/\/agora.xtec.cat\/ceipsab\/wp-json\/wp\/v2\/posts\/6156\/revisions"}],"predecessor-version":[{"id":6157,"href":"https:\/\/agora.xtec.cat\/ceipsab\/wp-json\/wp\/v2\/posts\/6156\/revisions\/6157"}],"wp:featuredmedia":[{"embeddable":true,"href":"https:\/\/agora.xtec.cat\/ceipsab\/wp-json\/wp\/v2\/media\/6158"}],"wp:attachment":[{"href":"https:\/\/agora.xtec.cat\/ceipsab\/wp-json\/wp\/v2\/media?parent=6156"}],"wp:term":[{"taxonomy":"category","embeddable":true,"href":"https:\/\/agora.xtec.cat\/ceipsab\/wp-json\/wp\/v2\/categories?post=6156"},{"taxonomy":"post_tag","embeddable":true,"href":"https:\/\/agora.xtec.cat\/ceipsab\/wp-json\/wp\/v2\/tags?post=6156"}],"curies":[{"name":"wp","href":"https:\/\/api.w.org\/{rel}","templated":true}]}}